{"id":1270,"date":"2024-08-28T18:00:00","date_gmt":"2024-08-28T16:00:00","guid":{"rendered":"https:\/\/lemanegedegivet.fr\/?p=1270"},"modified":"2025-02-11T17:51:13","modified_gmt":"2025-02-11T16:51:13","slug":"ouverture-de-la-saison-culturelle","status":"publish","type":"post","link":"https:\/\/lemanegedegivet.fr\/?p=1270","title":{"rendered":"Ouverture de la Saison Culturelle"},"content":{"rendered":"\n<div class=\"wp-block-uagb-container uagb-block-edfa65fa alignfull uagb-is-root-container\"><div class=\"uagb-container-inner-blocks-wrap\">\n<div class=\"wp-block-columns is-layout-flex wp-container-core-columns-is-layout-28f84493 wp-block-columns-is-layout-flex\">\n<div class=\"wp-block-column is-layout-flow wp-block-column-is-layout-flow\" style=\"padding-right:var(--wp--preset--spacing--10);padding-left:var(--wp--preset--spacing--10);flex-basis:33.33%\">\n<div style=\"height:30px\" aria-hidden=\"true\" class=\"wp-block-spacer\"><\/div>\n\n\n\n<h2 class=\"wp-block-heading has-text-align-center\" style=\"text-transform:capitalize\">Samedi 7 septembre 2024<\/h2>\n\n\n\n<h3 class=\"wp-block-heading has-text-align-center\"><strong>20h30<\/strong><\/h3>\n\n\n<figure class=\"wp-block-post-featured-image\"><img loading=\"lazy\" decoding=\"async\" width=\"842\" height=\"1191\" src=\"https:\/\/lemanegedegivet.fr\/wp-content\/uploads\/affiche-saison-culturelle-2024.jpg\" class=\"attachment-post-thumbnail size-post-thumbnail wp-post-image\" alt=\"\" style=\"object-fit:cover;\" srcset=\"https:\/\/lemanegedegivet.fr\/wp-content\/uploads\/affiche-saison-culturelle-2024.jpg 842w, https:\/\/lemanegedegivet.fr\/wp-content\/uploads\/affiche-saison-culturelle-2024-212x300.jpg 212w, https:\/\/lemanegedegivet.fr\/wp-content\/uploads\/affiche-saison-culturelle-2024-724x1024.jpg 724w, https:\/\/lemanegedegivet.fr\/wp-content\/uploads\/affiche-saison-culturelle-2024-768x1086.jpg 768w, https:\/\/lemanegedegivet.fr\/wp-content\/uploads\/affiche-saison-culturelle-2024-200x283.jpg 200w\" sizes=\"auto, (max-width: 842px) 100vw, 842px\" \/><\/figure><\/div>\n\n\n\n<div class=\"wp-block-column has-global-padding is-layout-constrained wp-block-column-is-layout-constrained\" style=\"flex-basis:66.66%\">\n<div class=\"wp-block-group has-global-padding is-layout-constrained wp-block-group-is-layout-constrained\">\n<div class=\"wp-block-uagb-container uagb-block-362ad794\"><h2 style=\"font-style:normal;font-weight:300;text-transform:capitalize; padding-right:0;padding-left:0;padding-top:0;padding-bottom:0;\" class=\"has-text-align-center has-link-color wp-elements-87eac9adf474852cd1a01ca5dddfdcea wp-block-post-title has-text-color has-accent-3-color has-montserrat-font-family\">Ouverture de la Saison Culturelle<\/h2>\n\n\n<figure class=\"wp-block-gallery has-nested-images columns-default is-cropped wp-block-gallery-1 is-layout-flex wp-block-gallery-is-layout-flex\">\n<figure data-wp-context=\"{&quot;imageId&quot;:&quot;69f309491ec71&quot;}\" data-wp-interactive=\"core\/image\" data-wp-key=\"69f309491ec71\" class=\"wp-block-image size-large wp-lightbox-container\"><img loading=\"lazy\" decoding=\"async\" width=\"1024\" height=\"1024\" data-wp-class--hide=\"state.isContentHidden\" data-wp-class--show=\"state.isContentVisible\" data-wp-init=\"callbacks.setButtonStyles\" data-wp-on--click=\"actions.showLightbox\" data-wp-on--load=\"callbacks.setButtonStyles\" data-wp-on-window--resize=\"callbacks.setButtonStyles\" data-id=\"1310\" src=\"https:\/\/lemanegedegivet.fr\/wp-content\/uploads\/WEB-Capture-decran-2023-03-11-a-14.11.27-1-1024x1024.png\" alt=\"\" class=\"wp-image-1310\" srcset=\"https:\/\/lemanegedegivet.fr\/wp-content\/uploads\/WEB-Capture-decran-2023-03-11-a-14.11.27-1-1024x1024.png 1024w, https:\/\/lemanegedegivet.fr\/wp-content\/uploads\/WEB-Capture-decran-2023-03-11-a-14.11.27-1-300x300.png 300w, https:\/\/lemanegedegivet.fr\/wp-content\/uploads\/WEB-Capture-decran-2023-03-11-a-14.11.27-1-150x150.png 150w, https:\/\/lemanegedegivet.fr\/wp-content\/uploads\/WEB-Capture-decran-2023-03-11-a-14.11.27-1-768x768.png 768w, https:\/\/lemanegedegivet.fr\/wp-content\/uploads\/WEB-Capture-decran-2023-03-11-a-14.11.27-1-200x200.png 200w, https:\/\/lemanegedegivet.fr\/wp-content\/uploads\/WEB-Capture-decran-2023-03-11-a-14.11.27-1.png 1080w\" sizes=\"auto, (max-width: 1024px) 100vw, 1024px\" \/><button\n\t\t\tclass=\"lightbox-trigger\"\n\t\t\ttype=\"button\"\n\t\t\taria-haspopup=\"dialog\"\n\t\t\taria-label=\"Agrandir\"\n\t\t\tdata-wp-init=\"callbacks.initTriggerButton\"\n\t\t\tdata-wp-on--click=\"actions.showLightbox\"\n\t\t\tdata-wp-style--right=\"state.imageButtonRight\"\n\t\t\tdata-wp-style--top=\"state.imageButtonTop\"\n\t\t>\n\t\t\t<svg xmlns=\"http:\/\/www.w3.org\/2000\/svg\" width=\"12\" height=\"12\" fill=\"none\" viewBox=\"0 0 12 12\">\n\t\t\t\t<path fill=\"#fff\" d=\"M2 0a2 2 0 0 0-2 2v2h1.5V2a.5.5 0 0 1 .5-.5h2V0H2Zm2 10.5H2a.5.5 0 0 1-.5-.5V8H0v2a2 2 0 0 0 2 2h2v-1.5ZM8 12v-1.5h2a.5.5 0 0 0 .5-.5V8H12v2a2 2 0 0 1-2 2H8Zm2-12a2 2 0 0 1 2 2v2h-1.5V2a.5.5 0 0 0-.5-.5H8V0h2Z\" \/>\n\t\t\t<\/svg>\n\t\t<\/button><\/figure>\n\n\n\n<figure data-wp-context=\"{&quot;imageId&quot;:&quot;69f309491f272&quot;}\" data-wp-interactive=\"core\/image\" data-wp-key=\"69f309491f272\" class=\"wp-block-image size-large wp-lightbox-container\"><img loading=\"lazy\" decoding=\"async\" width=\"1024\" height=\"682\" data-wp-class--hide=\"state.isContentHidden\" data-wp-class--show=\"state.isContentVisible\" data-wp-init=\"callbacks.setButtonStyles\" data-wp-on--click=\"actions.showLightbox\" data-wp-on--load=\"callbacks.setButtonStyles\" data-wp-on-window--resize=\"callbacks.setButtonStyles\" data-id=\"1316\" src=\"https:\/\/lemanegedegivet.fr\/wp-content\/uploads\/WEB-Photo-Calixte-3-1024x682.jpg\" alt=\"\" class=\"wp-image-1316\" srcset=\"https:\/\/lemanegedegivet.fr\/wp-content\/uploads\/WEB-Photo-Calixte-3-1024x682.jpg 1024w, https:\/\/lemanegedegivet.fr\/wp-content\/uploads\/WEB-Photo-Calixte-3-300x200.jpg 300w, https:\/\/lemanegedegivet.fr\/wp-content\/uploads\/WEB-Photo-Calixte-3-768x511.jpg 768w, https:\/\/lemanegedegivet.fr\/wp-content\/uploads\/WEB-Photo-Calixte-3-1536x1023.jpg 1536w, https:\/\/lemanegedegivet.fr\/wp-content\/uploads\/WEB-Photo-Calixte-3-200x133.jpg 200w, https:\/\/lemanegedegivet.fr\/wp-content\/uploads\/WEB-Photo-Calixte-3.jpg 1622w\" sizes=\"auto, (max-width: 1024px) 100vw, 1024px\" \/><button\n\t\t\tclass=\"lightbox-trigger\"\n\t\t\ttype=\"button\"\n\t\t\taria-haspopup=\"dialog\"\n\t\t\taria-label=\"Agrandir\"\n\t\t\tdata-wp-init=\"callbacks.initTriggerButton\"\n\t\t\tdata-wp-on--click=\"actions.showLightbox\"\n\t\t\tdata-wp-style--right=\"state.imageButtonRight\"\n\t\t\tdata-wp-style--top=\"state.imageButtonTop\"\n\t\t>\n\t\t\t<svg xmlns=\"http:\/\/www.w3.org\/2000\/svg\" width=\"12\" height=\"12\" fill=\"none\" viewBox=\"0 0 12 12\">\n\t\t\t\t<path fill=\"#fff\" d=\"M2 0a2 2 0 0 0-2 2v2h1.5V2a.5.5 0 0 1 .5-.5h2V0H2Zm2 10.5H2a.5.5 0 0 1-.5-.5V8H0v2a2 2 0 0 0 2 2h2v-1.5ZM8 12v-1.5h2a.5.5 0 0 0 .5-.5V8H12v2a2 2 0 0 1-2 2H8Zm2-12a2 2 0 0 1 2 2v2h-1.5V2a.5.5 0 0 0-.5-.5H8V0h2Z\" \/>\n\t\t\t<\/svg>\n\t\t<\/button><\/figure>\n\n\n\n<figure data-wp-context=\"{&quot;imageId&quot;:&quot;69f309491f7ce&quot;}\" data-wp-interactive=\"core\/image\" data-wp-key=\"69f309491f7ce\" class=\"wp-block-image size-large wp-lightbox-container\"><img loading=\"lazy\" decoding=\"async\" width=\"1024\" height=\"1024\" data-wp-class--hide=\"state.isContentHidden\" data-wp-class--show=\"state.isContentVisible\" data-wp-init=\"callbacks.setButtonStyles\" data-wp-on--click=\"actions.showLightbox\" data-wp-on--load=\"callbacks.setButtonStyles\" data-wp-on-window--resize=\"callbacks.setButtonStyles\" data-id=\"1311\" src=\"https:\/\/lemanegedegivet.fr\/wp-content\/uploads\/WEB-Capture-decran-2023-03-11-a-14.13.53-1024x1024.png\" alt=\"\" class=\"wp-image-1311\" srcset=\"https:\/\/lemanegedegivet.fr\/wp-content\/uploads\/WEB-Capture-decran-2023-03-11-a-14.13.53-1024x1024.png 1024w, https:\/\/lemanegedegivet.fr\/wp-content\/uploads\/WEB-Capture-decran-2023-03-11-a-14.13.53-300x300.png 300w, https:\/\/lemanegedegivet.fr\/wp-content\/uploads\/WEB-Capture-decran-2023-03-11-a-14.13.53-150x150.png 150w, https:\/\/lemanegedegivet.fr\/wp-content\/uploads\/WEB-Capture-decran-2023-03-11-a-14.13.53-768x768.png 768w, https:\/\/lemanegedegivet.fr\/wp-content\/uploads\/WEB-Capture-decran-2023-03-11-a-14.13.53-200x200.png 200w, https:\/\/lemanegedegivet.fr\/wp-content\/uploads\/WEB-Capture-decran-2023-03-11-a-14.13.53.png 1080w\" sizes=\"auto, (max-width: 1024px) 100vw, 1024px\" \/><button\n\t\t\tclass=\"lightbox-trigger\"\n\t\t\ttype=\"button\"\n\t\t\taria-haspopup=\"dialog\"\n\t\t\taria-label=\"Agrandir\"\n\t\t\tdata-wp-init=\"callbacks.initTriggerButton\"\n\t\t\tdata-wp-on--click=\"actions.showLightbox\"\n\t\t\tdata-wp-style--right=\"state.imageButtonRight\"\n\t\t\tdata-wp-style--top=\"state.imageButtonTop\"\n\t\t>\n\t\t\t<svg xmlns=\"http:\/\/www.w3.org\/2000\/svg\" width=\"12\" height=\"12\" fill=\"none\" viewBox=\"0 0 12 12\">\n\t\t\t\t<path fill=\"#fff\" d=\"M2 0a2 2 0 0 0-2 2v2h1.5V2a.5.5 0 0 1 .5-.5h2V0H2Zm2 10.5H2a.5.5 0 0 1-.5-.5V8H0v2a2 2 0 0 0 2 2h2v-1.5ZM8 12v-1.5h2a.5.5 0 0 0 .5-.5V8H12v2a2 2 0 0 1-2 2H8Zm2-12a2 2 0 0 1 2 2v2h-1.5V2a.5.5 0 0 0-.5-.5H8V0h2Z\" \/>\n\t\t\t<\/svg>\n\t\t<\/button><\/figure>\n<\/figure>\n\n\n\n<pre class=\"wp-block-preformatted has-montserrat-font-family has-medium-font-size\"><strong>LA SOIR\u00c9E<\/strong><br>Pour c\u00e9l\u00e9brer le trentenaire du Man\u00e8ge, il fallait bien une ouverture de saison \u00e0 la hauteur de cet \u00e9v\u00e8nement !<br>Pour l'occasion, Calixte de Nigremont revient \u00e0 Givet, encore plus espi\u00e8gle et fac\u00e9tieux que jamais. Monseigneur, ou Son Altesse S\u00e9r\u00e9nissime (il a su rester simple), pr\u00e9sidera cette soir\u00e9e avec la maestria qu'on lui connait, la verve qu'on lui envie, et nous fera d\u00e9couvrir la saison anniversaire du Man\u00e8ge, riche en surprises et en rebondissement !<br>Au cours de cette soir\u00e9e unique, des annonces seront faites et des secrets seront d\u00e9voil\u00e9s, mais chut...<br>Pour ponctuer cette belle soir\u00e9e, la Compagnie de danse Gipsy Raw nous fera l'honneur de nous offrir deux extraits de leurs spectacles, m\u00e9lange de po\u00e9sie, de danse contemporaine et de performance sc\u00e9nique, puisque le danseur Paco n'est autre qu'un champion du monde de Breakdance !<br><br><br><strong>DUR\u00c9E : 105 minutes<\/strong><br><br><br><strong>DISTRIBUTION<\/strong><br>Calixte de Nigremont<br>Luc Arden<br>Manon Mafrici<br>Pasquale Fortunato<br>Carlos Felipe Suarez Arvelo<br><br><br><strong>NOTE D\u2019INTENTION<\/strong><br>On n'a pas tous les jours trente ans !<br>Avant de f\u00eater officiellement son anniversaire le 5 octobre prochain, le Man\u00e8ge se devait de pr\u00e9senter, avec panache et fantaisie, une saison exceptionnelle, ambitieuse et pluraliste. Bref, l'ann\u00e9e du trentenaire commence maintenant !<br><br>\ud835\udc45\ud835\udc52\u0301\ud835\udc60\ud835\udc52\ud835\udc5f\ud835\udc63\ud835\udc4e\ud835\udc61\ud835\udc56\ud835\udc5c\ud835\udc5b \ud835\udc60\ud835\udc62\ud835\udc5f \ud835\udc5d\ud835\udc59\ud835\udc4e\ud835\udc50\ud835\udc52 \ud835\udc5c\ud835\udc62 \ud835\udc5d\ud835\udc4e\ud835\udc5f \ud835\udc61\ud835\udc52\u0301\ud835\udc59\ud835\udc52\u0301\ud835\udc5d\u210e\ud835\udc5c\ud835\udc5b\ud835\udc52 \ud835\udc4e\ud835\udc62 \ud835\udfce\ud835\udfd7 \ud835\udfd5\ud835\udfcf \ud835\udfd3\ud835\udfd6 \ud835\udfd3\ud835\udfd7 \ud835\udfd2\ud835\udfd5<br><br><em>Entr\u00e9e libre<\/em><\/pre>\n<\/div>\n<\/div>\n<\/div>\n<\/div>\n<\/div><\/div>\n","protected":false},"excerpt":{"rendered":"<p>Une soir\u00e9e festive, \u00e0 venir voir au Man\u00e8ge de Givet, le 07 septembre 2024 \u00e0 20h30.<\/p>\n","protected":false},"author":4,"featured_media":1285,"comment_status":"closed","ping_status":"closed","sticky":false,"template":"spectacles","format":"standard","meta":{"inline_featured_image":false,"_uag_custom_page_level_css":"","footnotes":""},"categories":[103],"tags":[],"class_list":["post-1270","post","type-post","status-publish","format-standard","has-post-thumbnail","hentry","category-archives"],"yoast_head":"<!-- This site is optimized with the Yoast SEO plugin v25.8 - https:\/\/yoast.com\/wordpress\/plugins\/seo\/ -->\n<title>Ouverture de la Saison Culturelle - Le Man\u00e8ge<\/title>\n<meta name=\"robots\" content=\"index, follow, max-snippet:-1, max-image-preview:large, max-video-preview:-1\" \/>\n<link rel=\"canonical\" href=\"https:\/\/lemanegedegivet.fr\/?p=1270\" \/>\n<meta property=\"og:locale\" content=\"fr_FR\" \/>\n<meta property=\"og:type\" content=\"article\" \/>\n<meta property=\"og:title\" content=\"Ouverture de la Saison Culturelle - Le Man\u00e8ge\" \/>\n<meta property=\"og:description\" content=\"Une soir\u00e9e festive, \u00e0 venir voir au Man\u00e8ge de Givet, le 07 septembre 2024 \u00e0 20h30.\" \/>\n<meta property=\"og:url\" content=\"https:\/\/lemanegedegivet.fr\/?p=1270\" \/>\n<meta property=\"og:site_name\" content=\"Le Man\u00e8ge\" \/>\n<meta property=\"article:publisher\" content=\"https:\/\/www.facebook.com\/people\/Cinma-Spectacles-Le-Mange-GIVET\/61551363475246\/\" \/>\n<meta property=\"article:published_time\" content=\"2024-08-28T16:00:00+00:00\" \/>\n<meta property=\"article:modified_time\" content=\"2025-02-11T16:51:13+00:00\" \/>\n<meta property=\"og:image\" content=\"https:\/\/lemanegedegivet.fr\/wp-content\/uploads\/affiche-saison-culturelle-2024.jpg\" \/>\n\t<meta property=\"og:image:width\" content=\"842\" \/>\n\t<meta property=\"og:image:height\" content=\"1191\" \/>\n\t<meta property=\"og:image:type\" content=\"image\/jpeg\" \/>\n<meta name=\"author\" content=\"Luc Arden\" \/>\n<meta name=\"twitter:card\" content=\"summary_large_image\" \/>\n<meta name=\"twitter:label1\" content=\"\u00c9crit par\" \/>\n\t<meta name=\"twitter:data1\" content=\"Luc Arden\" \/>\n\t<meta name=\"twitter:label2\" content=\"Dur\u00e9e de lecture estim\u00e9e\" \/>\n\t<meta name=\"twitter:data2\" content=\"1 minute\" \/>\n<script type=\"application\/ld+json\" class=\"yoast-schema-graph\">{\"@context\":\"https:\/\/schema.org\",\"@graph\":[{\"@type\":\"Article\",\"@id\":\"https:\/\/lemanegedegivet.fr\/?p=1270#article\",\"isPartOf\":{\"@id\":\"https:\/\/lemanegedegivet.fr\/?p=1270\"},\"author\":{\"name\":\"Luc Arden\",\"@id\":\"https:\/\/lemanegedegivet.fr\/#\/schema\/person\/c0cbf6346e2747ee289f546d1defdae5\"},\"headline\":\"Ouverture de la Saison Culturelle\",\"datePublished\":\"2024-08-28T16:00:00+00:00\",\"dateModified\":\"2025-02-11T16:51:13+00:00\",\"mainEntityOfPage\":{\"@id\":\"https:\/\/lemanegedegivet.fr\/?p=1270\"},\"wordCount\":8,\"publisher\":{\"@id\":\"https:\/\/lemanegedegivet.fr\/#organization\"},\"image\":{\"@id\":\"https:\/\/lemanegedegivet.fr\/?p=1270#primaryimage\"},\"thumbnailUrl\":\"https:\/\/lemanegedegivet.fr\/wp-content\/uploads\/affiche-saison-culturelle-2024.jpg\",\"articleSection\":[\"archives\"],\"inLanguage\":\"fr-FR\"},{\"@type\":\"WebPage\",\"@id\":\"https:\/\/lemanegedegivet.fr\/?p=1270\",\"url\":\"https:\/\/lemanegedegivet.fr\/?p=1270\",\"name\":\"Ouverture de la Saison Culturelle - Le Man\u00e8ge\",\"isPartOf\":{\"@id\":\"https:\/\/lemanegedegivet.fr\/#website\"},\"primaryImageOfPage\":{\"@id\":\"https:\/\/lemanegedegivet.fr\/?p=1270#primaryimage\"},\"image\":{\"@id\":\"https:\/\/lemanegedegivet.fr\/?p=1270#primaryimage\"},\"thumbnailUrl\":\"https:\/\/lemanegedegivet.fr\/wp-content\/uploads\/affiche-saison-culturelle-2024.jpg\",\"datePublished\":\"2024-08-28T16:00:00+00:00\",\"dateModified\":\"2025-02-11T16:51:13+00:00\",\"breadcrumb\":{\"@id\":\"https:\/\/lemanegedegivet.fr\/?p=1270#breadcrumb\"},\"inLanguage\":\"fr-FR\",\"potentialAction\":[{\"@type\":\"ReadAction\",\"target\":[\"https:\/\/lemanegedegivet.fr\/?p=1270\"]}]},{\"@type\":\"ImageObject\",\"inLanguage\":\"fr-FR\",\"@id\":\"https:\/\/lemanegedegivet.fr\/?p=1270#primaryimage\",\"url\":\"https:\/\/lemanegedegivet.fr\/wp-content\/uploads\/affiche-saison-culturelle-2024.jpg\",\"contentUrl\":\"https:\/\/lemanegedegivet.fr\/wp-content\/uploads\/affiche-saison-culturelle-2024.jpg\",\"width\":842,\"height\":1191},{\"@type\":\"BreadcrumbList\",\"@id\":\"https:\/\/lemanegedegivet.fr\/?p=1270#breadcrumb\",\"itemListElement\":[{\"@type\":\"ListItem\",\"position\":1,\"name\":\"Accueil\",\"item\":\"https:\/\/lemanegedegivet.fr\/\"},{\"@type\":\"ListItem\",\"position\":2,\"name\":\"Ouverture de la Saison Culturelle\"}]},{\"@type\":\"WebSite\",\"@id\":\"https:\/\/lemanegedegivet.fr\/#website\",\"url\":\"https:\/\/lemanegedegivet.fr\/\",\"name\":\"Le Man\u00e8ge de Givet\",\"description\":\"\",\"publisher\":{\"@id\":\"https:\/\/lemanegedegivet.fr\/#organization\"},\"potentialAction\":[{\"@type\":\"SearchAction\",\"target\":{\"@type\":\"EntryPoint\",\"urlTemplate\":\"https:\/\/lemanegedegivet.fr\/?s={search_term_string}\"},\"query-input\":{\"@type\":\"PropertyValueSpecification\",\"valueRequired\":true,\"valueName\":\"search_term_string\"}}],\"inLanguage\":\"fr-FR\"},{\"@type\":\"Organization\",\"@id\":\"https:\/\/lemanegedegivet.fr\/#organization\",\"name\":\"Le Man\u00e8ge de Givet\",\"url\":\"https:\/\/lemanegedegivet.fr\/\",\"logo\":{\"@type\":\"ImageObject\",\"inLanguage\":\"fr-FR\",\"@id\":\"https:\/\/lemanegedegivet.fr\/#\/schema\/logo\/image\/\",\"url\":\"https:\/\/lemanegedegivet.fr\/wp-content\/uploads\/jours_1920.avif\",\"contentUrl\":\"https:\/\/lemanegedegivet.fr\/wp-content\/uploads\/jours_1920.avif\",\"width\":1920,\"height\":1280,\"caption\":\"Le Man\u00e8ge de Givet\"},\"image\":{\"@id\":\"https:\/\/lemanegedegivet.fr\/#\/schema\/logo\/image\/\"},\"sameAs\":[\"https:\/\/www.facebook.com\/people\/Cinma-Spectacles-Le-Mange-GIVET\/61551363475246\/\"]},{\"@type\":\"Person\",\"@id\":\"https:\/\/lemanegedegivet.fr\/#\/schema\/person\/c0cbf6346e2747ee289f546d1defdae5\",\"name\":\"Luc Arden\",\"url\":\"https:\/\/lemanegedegivet.fr\/?author=4\"}]}<\/script>\n<!-- \/ Yoast SEO plugin. -->","yoast_head_json":{"title":"Ouverture de la Saison Culturelle - Le Man\u00e8ge","robots":{"index":"index","follow":"follow","max-snippet":"max-snippet:-1","max-image-preview":"max-image-preview:large","max-video-preview":"max-video-preview:-1"},"canonical":"https:\/\/lemanegedegivet.fr\/?p=1270","og_locale":"fr_FR","og_type":"article","og_title":"Ouverture de la Saison Culturelle - Le Man\u00e8ge","og_description":"Une soir\u00e9e festive, \u00e0 venir voir au Man\u00e8ge de Givet, le 07 septembre 2024 \u00e0 20h30.","og_url":"https:\/\/lemanegedegivet.fr\/?p=1270","og_site_name":"Le Man\u00e8ge","article_publisher":"https:\/\/www.facebook.com\/people\/Cinma-Spectacles-Le-Mange-GIVET\/61551363475246\/","article_published_time":"2024-08-28T16:00:00+00:00","article_modified_time":"2025-02-11T16:51:13+00:00","og_image":[{"width":842,"height":1191,"url":"https:\/\/lemanegedegivet.fr\/wp-content\/uploads\/affiche-saison-culturelle-2024.jpg","type":"image\/jpeg"}],"author":"Luc Arden","twitter_card":"summary_large_image","twitter_misc":{"\u00c9crit par":"Luc Arden","Dur\u00e9e de lecture estim\u00e9e":"1 minute"},"schema":{"@context":"https:\/\/schema.org","@graph":[{"@type":"Article","@id":"https:\/\/lemanegedegivet.fr\/?p=1270#article","isPartOf":{"@id":"https:\/\/lemanegedegivet.fr\/?p=1270"},"author":{"name":"Luc Arden","@id":"https:\/\/lemanegedegivet.fr\/#\/schema\/person\/c0cbf6346e2747ee289f546d1defdae5"},"headline":"Ouverture de la Saison Culturelle","datePublished":"2024-08-28T16:00:00+00:00","dateModified":"2025-02-11T16:51:13+00:00","mainEntityOfPage":{"@id":"https:\/\/lemanegedegivet.fr\/?p=1270"},"wordCount":8,"publisher":{"@id":"https:\/\/lemanegedegivet.fr\/#organization"},"image":{"@id":"https:\/\/lemanegedegivet.fr\/?p=1270#primaryimage"},"thumbnailUrl":"https:\/\/lemanegedegivet.fr\/wp-content\/uploads\/affiche-saison-culturelle-2024.jpg","articleSection":["archives"],"inLanguage":"fr-FR"},{"@type":"WebPage","@id":"https:\/\/lemanegedegivet.fr\/?p=1270","url":"https:\/\/lemanegedegivet.fr\/?p=1270","name":"Ouverture de la Saison Culturelle - Le Man\u00e8ge","isPartOf":{"@id":"https:\/\/lemanegedegivet.fr\/#website"},"primaryImageOfPage":{"@id":"https:\/\/lemanegedegivet.fr\/?p=1270#primaryimage"},"image":{"@id":"https:\/\/lemanegedegivet.fr\/?p=1270#primaryimage"},"thumbnailUrl":"https:\/\/lemanegedegivet.fr\/wp-content\/uploads\/affiche-saison-culturelle-2024.jpg","datePublished":"2024-08-28T16:00:00+00:00","dateModified":"2025-02-11T16:51:13+00:00","breadcrumb":{"@id":"https:\/\/lemanegedegivet.fr\/?p=1270#breadcrumb"},"inLanguage":"fr-FR","potentialAction":[{"@type":"ReadAction","target":["https:\/\/lemanegedegivet.fr\/?p=1270"]}]},{"@type":"ImageObject","inLanguage":"fr-FR","@id":"https:\/\/lemanegedegivet.fr\/?p=1270#primaryimage","url":"https:\/\/lemanegedegivet.fr\/wp-content\/uploads\/affiche-saison-culturelle-2024.jpg","contentUrl":"https:\/\/lemanegedegivet.fr\/wp-content\/uploads\/affiche-saison-culturelle-2024.jpg","width":842,"height":1191},{"@type":"BreadcrumbList","@id":"https:\/\/lemanegedegivet.fr\/?p=1270#breadcrumb","itemListElement":[{"@type":"ListItem","position":1,"name":"Accueil","item":"https:\/\/lemanegedegivet.fr\/"},{"@type":"ListItem","position":2,"name":"Ouverture de la Saison Culturelle"}]},{"@type":"WebSite","@id":"https:\/\/lemanegedegivet.fr\/#website","url":"https:\/\/lemanegedegivet.fr\/","name":"Le Man\u00e8ge de Givet","description":"","publisher":{"@id":"https:\/\/lemanegedegivet.fr\/#organization"},"potentialAction":[{"@type":"SearchAction","target":{"@type":"EntryPoint","urlTemplate":"https:\/\/lemanegedegivet.fr\/?s={search_term_string}"},"query-input":{"@type":"PropertyValueSpecification","valueRequired":true,"valueName":"search_term_string"}}],"inLanguage":"fr-FR"},{"@type":"Organization","@id":"https:\/\/lemanegedegivet.fr\/#organization","name":"Le Man\u00e8ge de Givet","url":"https:\/\/lemanegedegivet.fr\/","logo":{"@type":"ImageObject","inLanguage":"fr-FR","@id":"https:\/\/lemanegedegivet.fr\/#\/schema\/logo\/image\/","url":"https:\/\/lemanegedegivet.fr\/wp-content\/uploads\/jours_1920.avif","contentUrl":"https:\/\/lemanegedegivet.fr\/wp-content\/uploads\/jours_1920.avif","width":1920,"height":1280,"caption":"Le Man\u00e8ge de Givet"},"image":{"@id":"https:\/\/lemanegedegivet.fr\/#\/schema\/logo\/image\/"},"sameAs":["https:\/\/www.facebook.com\/people\/Cinma-Spectacles-Le-Mange-GIVET\/61551363475246\/"]},{"@type":"Person","@id":"https:\/\/lemanegedegivet.fr\/#\/schema\/person\/c0cbf6346e2747ee289f546d1defdae5","name":"Luc Arden","url":"https:\/\/lemanegedegivet.fr\/?author=4"}]}},"uagb_featured_image_src":{"full":["https:\/\/lemanegedegivet.fr\/wp-content\/uploads\/affiche-saison-culturelle-2024.jpg",842,1191,false],"thumbnail":["https:\/\/lemanegedegivet.fr\/wp-content\/uploads\/affiche-saison-culturelle-2024-150x150.jpg",150,150,true],"medium":["https:\/\/lemanegedegivet.fr\/wp-content\/uploads\/affiche-saison-culturelle-2024-212x300.jpg",212,300,true],"medium_large":["https:\/\/lemanegedegivet.fr\/wp-content\/uploads\/affiche-saison-culturelle-2024-768x1086.jpg",768,1086,true],"large":["https:\/\/lemanegedegivet.fr\/wp-content\/uploads\/affiche-saison-culturelle-2024-724x1024.jpg",724,1024,true],"1536x1536":["https:\/\/lemanegedegivet.fr\/wp-content\/uploads\/affiche-saison-culturelle-2024.jpg",842,1191,false],"2048x2048":["https:\/\/lemanegedegivet.fr\/wp-content\/uploads\/affiche-saison-culturelle-2024.jpg",842,1191,false],"depicter-thumbnail":["https:\/\/lemanegedegivet.fr\/wp-content\/uploads\/affiche-saison-culturelle-2024-200x283.jpg",200,283,true]},"uagb_author_info":{"display_name":"Luc Arden","author_link":"https:\/\/lemanegedegivet.fr\/?author=4"},"uagb_comment_info":0,"uagb_excerpt":"Une soir\u00e9e festive, \u00e0 venir voir au Man\u00e8ge de Givet, le 07 septembre 2024 \u00e0 20h30.","publishpress_future_action":{"enabled":false,"date":"2026-05-07 09:48:25","action":"change-status","newStatus":"draft","terms":[],"taxonomy":"category","extraData":[]},"publishpress_future_workflow_manual_trigger":{"enabledWorkflows":[]},"_links":{"self":[{"href":"https:\/\/lemanegedegivet.fr\/index.php?rest_route=\/wp\/v2\/posts\/1270","targetHints":{"allow":["GET"]}}],"collection":[{"href":"https:\/\/lemanegedegivet.fr\/index.php?rest_route=\/wp\/v2\/posts"}],"about":[{"href":"https:\/\/lemanegedegivet.fr\/index.php?rest_route=\/wp\/v2\/types\/post"}],"author":[{"embeddable":true,"href":"https:\/\/lemanegedegivet.fr\/index.php?rest_route=\/wp\/v2\/users\/4"}],"replies":[{"embeddable":true,"href":"https:\/\/lemanegedegivet.fr\/index.php?rest_route=%2Fwp%2Fv2%2Fcomments&post=1270"}],"version-history":[{"count":14,"href":"https:\/\/lemanegedegivet.fr\/index.php?rest_route=\/wp\/v2\/posts\/1270\/revisions"}],"predecessor-version":[{"id":2755,"href":"https:\/\/lemanegedegivet.fr\/index.php?rest_route=\/wp\/v2\/posts\/1270\/revisions\/2755"}],"wp:featuredmedia":[{"embeddable":true,"href":"https:\/\/lemanegedegivet.fr\/index.php?rest_route=\/wp\/v2\/media\/1285"}],"wp:attachment":[{"href":"https:\/\/lemanegedegivet.fr\/index.php?rest_route=%2Fwp%2Fv2%2Fmedia&parent=1270"}],"wp:term":[{"taxonomy":"category","embeddable":true,"href":"https:\/\/lemanegedegivet.fr\/index.php?rest_route=%2Fwp%2Fv2%2Fcategories&post=1270"},{"taxonomy":"post_tag","embeddable":true,"href":"https:\/\/lemanegedegivet.fr\/index.php?rest_route=%2Fwp%2Fv2%2Ftags&post=1270"}],"curies":[{"name":"wp","href":"https:\/\/api.w.org\/{rel}","templated":true}]}}