{"id":1358,"date":"2024-08-22T11:00:25","date_gmt":"2024-08-22T09:00:25","guid":{"rendered":"https:\/\/lemanegedegivet.fr\/?p=1358"},"modified":"2025-02-11T18:01:20","modified_gmt":"2025-02-11T17:01:20","slug":"la-vraie-vie-dun-magicien","status":"publish","type":"post","link":"https:\/\/lemanegedegivet.fr\/?p=1358","title":{"rendered":"La Folle repart en Th\u00e8se"},"content":{"rendered":"\n<div class=\"wp-block-uagb-container uagb-block-edfa65fa alignfull uagb-is-root-container\"><div class=\"uagb-container-inner-blocks-wrap\">\n<div class=\"wp-block-columns is-layout-flex wp-container-core-columns-is-layout-28f84493 wp-block-columns-is-layout-flex\">\n<div class=\"wp-block-column is-layout-flow wp-block-column-is-layout-flow\" style=\"padding-right:var(--wp--preset--spacing--10);padding-left:var(--wp--preset--spacing--10);flex-basis:33.33%\">\n<div style=\"height:30px\" aria-hidden=\"true\" class=\"wp-block-spacer\"><\/div>\n\n\n\n<h2 class=\"wp-block-heading has-text-align-center\" style=\"text-transform:none\">Samedi 1er f\u00e9vrier 2025<\/h2>\n\n\n\n<h3 class=\"wp-block-heading has-text-align-center has-body-font-family\"><strong>20h30<\/strong><\/h3>\n\n\n<figure class=\"wp-block-post-featured-image\"><img loading=\"lazy\" decoding=\"async\" width=\"3508\" height=\"4961\" src=\"https:\/\/lemanegedegivet.fr\/wp-content\/uploads\/affiche_Liane-Foly.png\" class=\"attachment-post-thumbnail size-post-thumbnail wp-post-image\" alt=\"\" style=\"object-fit:cover;\" srcset=\"https:\/\/lemanegedegivet.fr\/wp-content\/uploads\/affiche_Liane-Foly.png 3508w, https:\/\/lemanegedegivet.fr\/wp-content\/uploads\/affiche_Liane-Foly-212x300.png 212w, https:\/\/lemanegedegivet.fr\/wp-content\/uploads\/affiche_Liane-Foly-724x1024.png 724w, https:\/\/lemanegedegivet.fr\/wp-content\/uploads\/affiche_Liane-Foly-768x1086.png 768w, https:\/\/lemanegedegivet.fr\/wp-content\/uploads\/affiche_Liane-Foly-1086x1536.png 1086w, https:\/\/lemanegedegivet.fr\/wp-content\/uploads\/affiche_Liane-Foly-1448x2048.png 1448w, https:\/\/lemanegedegivet.fr\/wp-content\/uploads\/affiche_Liane-Foly-200x283.png 200w\" sizes=\"auto, (max-width: 3508px) 100vw, 3508px\" \/><\/figure><\/div>\n\n\n\n<div class=\"wp-block-column has-global-padding is-layout-constrained wp-block-column-is-layout-constrained\" style=\"flex-basis:66.66%\">\n<div class=\"wp-block-uagb-container uagb-block-362ad794\"><h2 style=\"font-style:normal;font-weight:300;text-transform:capitalize; padding-right:0;padding-left:0;padding-top:0;padding-bottom:0;\" class=\"has-text-align-center has-link-color wp-elements-87eac9adf474852cd1a01ca5dddfdcea wp-block-post-title has-text-color has-accent-3-color has-montserrat-font-family\">La Folle repart en Th\u00e8se<\/h2>\n\n\n<figure class=\"wp-block-gallery has-nested-images columns-default is-cropped wp-block-gallery-1 is-layout-flex wp-block-gallery-is-layout-flex\">\n<figure class=\"wp-block-image size-large\"><img loading=\"lazy\" decoding=\"async\" width=\"740\" height=\"1024\" data-id=\"1359\" src=\"https:\/\/lemanegedegivet.fr\/wp-content\/uploads\/WEB-Liane-Foly-La-folle-repart-en-these-740x1024.jpg\" alt=\"\" class=\"wp-image-1359\" srcset=\"https:\/\/lemanegedegivet.fr\/wp-content\/uploads\/WEB-Liane-Foly-La-folle-repart-en-these-740x1024.jpg 740w, https:\/\/lemanegedegivet.fr\/wp-content\/uploads\/WEB-Liane-Foly-La-folle-repart-en-these-217x300.jpg 217w, https:\/\/lemanegedegivet.fr\/wp-content\/uploads\/WEB-Liane-Foly-La-folle-repart-en-these-768x1063.jpg 768w, https:\/\/lemanegedegivet.fr\/wp-content\/uploads\/WEB-Liane-Foly-La-folle-repart-en-these-200x277.jpg 200w, https:\/\/lemanegedegivet.fr\/wp-content\/uploads\/WEB-Liane-Foly-La-folle-repart-en-these.jpg 780w\" sizes=\"auto, (max-width: 740px) 100vw, 740px\" \/><\/figure>\n<\/figure>\n\n\n\n<pre class=\"wp-block-preformatted has-montserrat-font-family has-medium-font-size\" style=\"text-transform:none\"><strong>LE SPECTACLE<\/strong><br><br>Liane Foly revient avec son nouveau one woman show !<br>Un seul en sc\u00e8ne atypique, \u00e9poustouflant, o\u00f9 se m\u00ealent com\u00e9die, chansons, humour et imitations...<br><br><mark style=\"background-color:rgba(0, 0, 0, 0);color:#0011d2\" class=\"has-inline-color\"><strong>DUR\u00c9E : 85 minutes<\/strong><br><\/mark><br><strong>DISTRIBUTION<\/strong><br>Liane Foly<br><br>Un spectacle \u00e9crit et mis en sc\u00e8ne par Liane Foly<br>Production : Nedel Live<br><br><br><strong>NOTE D\u2019INTENTION<\/strong><br>Liane Foly dans un seul en sc\u00e8ne, vous invite dans sa th\u00e8se sexyg\u00e9naire...<br>Un singulier voyage de la droguerie du sourire \u00e0 l'orchestre familial.<br>Elle vous surprendra, tour \u00e0 tour entre rires et \u00e9motions, elle incarne, se souvient, se confie,<br>nous emporte, nous \u00e9blouit avec son grain de \"Foly\" bien \u00e0 elle !<br>Elle transmet l'envie de partager l'instant pr\u00e9sent, la magie de vibrer ensemble.<br><br>Ce show introspectif et interactif est un pur moment de divertissement pour tous publics, et boucle ainsi une trilogie th\u00e9\u00e2trale et musicale.<br><br><br><strong>BIOGRAPHIE DE LIANE FOLY<\/strong><br>Un timbre de voix puissant et reconnaissable entre mille, un don pr\u00e9cieux pour \u00e9crire et interpr\u00e9ter des chansons profond\u00e9ment tendres, des imitations, une joie de vivre \u00e0 l\u2019\u00e9preuve des drames ; ajoutez \u00e0 cela des millions de disques vendus et on pourrait presque ainsi r\u00e9sumer 30 ans de musique de Liane Foly, 15 ans de one woman show, une des artistes les plus aim\u00e9es du public fran\u00e7ais, une des plus audacieuses aussi de par ses choix de carri\u00e8re.<br>Une artiste qui n'est jamais autant heureuse que lorsqu'elle met sa musique, son art au service des autres - du public, des amis, des grandes causes. <br>Elle \u00e9crit et interpr\u00e8te deux spectacles en 2007 et 2011 o\u00f9 elle laisse \u00e9clater un humour ravageur et d\u2019incroyables qualit\u00e9s d\u2019imitatrice. Liane Foly re\u00e7oit le Grand Prix d'humour - Grand Prix Sacem 2013. Un succ\u00e8s avec son sens inn\u00e9 de la d\u00e9rision, Liane est de retour depuis Septembre 2022 avec<br>son troisi\u00e8me one woman show, \"La Folle repart en Th\u00e8se\", et vous savez quoi, \u00e7a d\u00e9coiffe d\u00e9j\u00e0 (vu par plus de 50 000 spectateurs)... et plus que tout autre, \u00e7a lui va comme un gant.<br><br>\ud835\udc45\ud835\udc52\u0301\ud835\udc60\ud835\udc52\ud835\udc5f\ud835\udc63\ud835\udc4e\ud835\udc61\ud835\udc56\ud835\udc5c\ud835\udc5b \ud835\udc60\ud835\udc62\ud835\udc5f \ud835\udc5d\ud835\udc59\ud835\udc4e\ud835\udc50\ud835\udc52 \ud835\udc5c\ud835\udc62 \ud835\udc5d\ud835\udc4e\ud835\udc5f \ud835\udc61\ud835\udc52\u0301\ud835\udc59\ud835\udc52\u0301\ud835\udc5d\u210e\ud835\udc5c\ud835\udc5b\ud835\udc52 \ud835\udc4e\ud835\udc62 \ud835\udfce\ud835\udfd7 \ud835\udfd5\ud835\udfcf \ud835\udfd3\ud835\udfd6 \ud835\udfd3\ud835\udfd7 \ud835\udfd2\ud835\udfd5<br>\ud835\udc47\ud835\udc4e\ud835\udc5f\ud835\udc56\ud835\udc53\ud835\udc60 :<br>\ud835\udc43\ud835\udc59\ud835\udc52\ud835\udc56\ud835\udc5b : 35\u20ac       \ud835\udc45\ud835\udc52\u0301\ud835\udc51\ud835\udc62\ud835\udc56\ud835\udc61 : 25\u20ac       -14 \ud835\udc4e\ud835\udc5b\ud835\udc60 : 10\u20ac<\/pre>\n<\/div>\n<\/div>\n<\/div>\n<\/div><\/div>\n","protected":false},"excerpt":{"rendered":"<p>Un spectacle \u00e0 venir voir au Man\u00e8ge de Givet, le 01 f\u00e9vrier 2025 \u00e0 20h30<\/p>\n","protected":false},"author":4,"featured_media":2110,"comment_status":"closed","ping_status":"closed","sticky":false,"template":"spectacles","format":"standard","meta":{"inline_featured_image":false,"_uag_custom_page_level_css":"","footnotes":""},"categories":[103],"tags":[],"class_list":["post-1358","post","type-post","status-publish","format-standard","has-post-thumbnail","hentry","category-archives"],"yoast_head":"<!-- This site is optimized with the Yoast SEO plugin v25.8 - https:\/\/yoast.com\/wordpress\/plugins\/seo\/ -->\n<title>La Folle repart en Th\u00e8se - Le Man\u00e8ge<\/title>\n<meta name=\"robots\" content=\"index, follow, max-snippet:-1, max-image-preview:large, max-video-preview:-1\" \/>\n<link rel=\"canonical\" href=\"https:\/\/lemanegedegivet.fr\/?p=1358\" \/>\n<meta property=\"og:locale\" content=\"fr_FR\" \/>\n<meta property=\"og:type\" content=\"article\" \/>\n<meta property=\"og:title\" content=\"La Folle repart en Th\u00e8se - Le Man\u00e8ge\" \/>\n<meta property=\"og:description\" content=\"Un spectacle \u00e0 venir voir au Man\u00e8ge de Givet, le 01 f\u00e9vrier 2025 \u00e0 20h30\" \/>\n<meta property=\"og:url\" content=\"https:\/\/lemanegedegivet.fr\/?p=1358\" \/>\n<meta property=\"og:site_name\" content=\"Le Man\u00e8ge\" \/>\n<meta property=\"article:publisher\" content=\"https:\/\/www.facebook.com\/people\/Cinma-Spectacles-Le-Mange-GIVET\/61551363475246\/\" \/>\n<meta property=\"article:published_time\" content=\"2024-08-22T09:00:25+00:00\" \/>\n<meta property=\"article:modified_time\" content=\"2025-02-11T17:01:20+00:00\" \/>\n<meta property=\"og:image\" content=\"https:\/\/lemanegedegivet.fr\/wp-content\/uploads\/affiche_Liane-Foly-724x1024.png\" \/>\n\t<meta property=\"og:image:width\" content=\"724\" \/>\n\t<meta property=\"og:image:height\" content=\"1024\" \/>\n\t<meta property=\"og:image:type\" content=\"image\/png\" \/>\n<meta name=\"author\" content=\"Luc Arden\" \/>\n<meta name=\"twitter:card\" content=\"summary_large_image\" \/>\n<meta name=\"twitter:label1\" content=\"\u00c9crit par\" \/>\n\t<meta name=\"twitter:data1\" content=\"Luc Arden\" \/>\n\t<meta name=\"twitter:label2\" content=\"Dur\u00e9e de lecture estim\u00e9e\" \/>\n\t<meta name=\"twitter:data2\" content=\"1 minute\" \/>\n<script type=\"application\/ld+json\" class=\"yoast-schema-graph\">{\"@context\":\"https:\/\/schema.org\",\"@graph\":[{\"@type\":\"Article\",\"@id\":\"https:\/\/lemanegedegivet.fr\/?p=1358#article\",\"isPartOf\":{\"@id\":\"https:\/\/lemanegedegivet.fr\/?p=1358\"},\"author\":{\"name\":\"Luc Arden\",\"@id\":\"https:\/\/lemanegedegivet.fr\/#\/schema\/person\/c0cbf6346e2747ee289f546d1defdae5\"},\"headline\":\"La Folle repart en Th\u00e8se\",\"datePublished\":\"2024-08-22T09:00:25+00:00\",\"dateModified\":\"2025-02-11T17:01:20+00:00\",\"mainEntityOfPage\":{\"@id\":\"https:\/\/lemanegedegivet.fr\/?p=1358\"},\"wordCount\":11,\"publisher\":{\"@id\":\"https:\/\/lemanegedegivet.fr\/#organization\"},\"image\":{\"@id\":\"https:\/\/lemanegedegivet.fr\/?p=1358#primaryimage\"},\"thumbnailUrl\":\"https:\/\/lemanegedegivet.fr\/wp-content\/uploads\/affiche_Liane-Foly.png\",\"articleSection\":[\"archives\"],\"inLanguage\":\"fr-FR\"},{\"@type\":\"WebPage\",\"@id\":\"https:\/\/lemanegedegivet.fr\/?p=1358\",\"url\":\"https:\/\/lemanegedegivet.fr\/?p=1358\",\"name\":\"La Folle repart en Th\u00e8se - Le Man\u00e8ge\",\"isPartOf\":{\"@id\":\"https:\/\/lemanegedegivet.fr\/#website\"},\"primaryImageOfPage\":{\"@id\":\"https:\/\/lemanegedegivet.fr\/?p=1358#primaryimage\"},\"image\":{\"@id\":\"https:\/\/lemanegedegivet.fr\/?p=1358#primaryimage\"},\"thumbnailUrl\":\"https:\/\/lemanegedegivet.fr\/wp-content\/uploads\/affiche_Liane-Foly.png\",\"datePublished\":\"2024-08-22T09:00:25+00:00\",\"dateModified\":\"2025-02-11T17:01:20+00:00\",\"breadcrumb\":{\"@id\":\"https:\/\/lemanegedegivet.fr\/?p=1358#breadcrumb\"},\"inLanguage\":\"fr-FR\",\"potentialAction\":[{\"@type\":\"ReadAction\",\"target\":[\"https:\/\/lemanegedegivet.fr\/?p=1358\"]}]},{\"@type\":\"ImageObject\",\"inLanguage\":\"fr-FR\",\"@id\":\"https:\/\/lemanegedegivet.fr\/?p=1358#primaryimage\",\"url\":\"https:\/\/lemanegedegivet.fr\/wp-content\/uploads\/affiche_Liane-Foly.png\",\"contentUrl\":\"https:\/\/lemanegedegivet.fr\/wp-content\/uploads\/affiche_Liane-Foly.png\",\"width\":3508,\"height\":4961},{\"@type\":\"BreadcrumbList\",\"@id\":\"https:\/\/lemanegedegivet.fr\/?p=1358#breadcrumb\",\"itemListElement\":[{\"@type\":\"ListItem\",\"position\":1,\"name\":\"Accueil\",\"item\":\"https:\/\/lemanegedegivet.fr\/\"},{\"@type\":\"ListItem\",\"position\":2,\"name\":\"La Folle repart en Th\u00e8se\"}]},{\"@type\":\"WebSite\",\"@id\":\"https:\/\/lemanegedegivet.fr\/#website\",\"url\":\"https:\/\/lemanegedegivet.fr\/\",\"name\":\"Le Man\u00e8ge de Givet\",\"description\":\"\",\"publisher\":{\"@id\":\"https:\/\/lemanegedegivet.fr\/#organization\"},\"potentialAction\":[{\"@type\":\"SearchAction\",\"target\":{\"@type\":\"EntryPoint\",\"urlTemplate\":\"https:\/\/lemanegedegivet.fr\/?s={search_term_string}\"},\"query-input\":{\"@type\":\"PropertyValueSpecification\",\"valueRequired\":true,\"valueName\":\"search_term_string\"}}],\"inLanguage\":\"fr-FR\"},{\"@type\":\"Organization\",\"@id\":\"https:\/\/lemanegedegivet.fr\/#organization\",\"name\":\"Le Man\u00e8ge de Givet\",\"url\":\"https:\/\/lemanegedegivet.fr\/\",\"logo\":{\"@type\":\"ImageObject\",\"inLanguage\":\"fr-FR\",\"@id\":\"https:\/\/lemanegedegivet.fr\/#\/schema\/logo\/image\/\",\"url\":\"https:\/\/lemanegedegivet.fr\/wp-content\/uploads\/jours_1920.avif\",\"contentUrl\":\"https:\/\/lemanegedegivet.fr\/wp-content\/uploads\/jours_1920.avif\",\"width\":1920,\"height\":1280,\"caption\":\"Le Man\u00e8ge de Givet\"},\"image\":{\"@id\":\"https:\/\/lemanegedegivet.fr\/#\/schema\/logo\/image\/\"},\"sameAs\":[\"https:\/\/www.facebook.com\/people\/Cinma-Spectacles-Le-Mange-GIVET\/61551363475246\/\"]},{\"@type\":\"Person\",\"@id\":\"https:\/\/lemanegedegivet.fr\/#\/schema\/person\/c0cbf6346e2747ee289f546d1defdae5\",\"name\":\"Luc Arden\",\"url\":\"https:\/\/lemanegedegivet.fr\/?author=4\"}]}<\/script>\n<!-- \/ Yoast SEO plugin. -->","yoast_head_json":{"title":"La Folle repart en Th\u00e8se - Le Man\u00e8ge","robots":{"index":"index","follow":"follow","max-snippet":"max-snippet:-1","max-image-preview":"max-image-preview:large","max-video-preview":"max-video-preview:-1"},"canonical":"https:\/\/lemanegedegivet.fr\/?p=1358","og_locale":"fr_FR","og_type":"article","og_title":"La Folle repart en Th\u00e8se - Le Man\u00e8ge","og_description":"Un spectacle \u00e0 venir voir au Man\u00e8ge de Givet, le 01 f\u00e9vrier 2025 \u00e0 20h30","og_url":"https:\/\/lemanegedegivet.fr\/?p=1358","og_site_name":"Le Man\u00e8ge","article_publisher":"https:\/\/www.facebook.com\/people\/Cinma-Spectacles-Le-Mange-GIVET\/61551363475246\/","article_published_time":"2024-08-22T09:00:25+00:00","article_modified_time":"2025-02-11T17:01:20+00:00","og_image":[{"width":724,"height":1024,"url":"https:\/\/lemanegedegivet.fr\/wp-content\/uploads\/affiche_Liane-Foly-724x1024.png","type":"image\/png"}],"author":"Luc Arden","twitter_card":"summary_large_image","twitter_misc":{"\u00c9crit par":"Luc Arden","Dur\u00e9e de lecture estim\u00e9e":"1 minute"},"schema":{"@context":"https:\/\/schema.org","@graph":[{"@type":"Article","@id":"https:\/\/lemanegedegivet.fr\/?p=1358#article","isPartOf":{"@id":"https:\/\/lemanegedegivet.fr\/?p=1358"},"author":{"name":"Luc Arden","@id":"https:\/\/lemanegedegivet.fr\/#\/schema\/person\/c0cbf6346e2747ee289f546d1defdae5"},"headline":"La Folle repart en Th\u00e8se","datePublished":"2024-08-22T09:00:25+00:00","dateModified":"2025-02-11T17:01:20+00:00","mainEntityOfPage":{"@id":"https:\/\/lemanegedegivet.fr\/?p=1358"},"wordCount":11,"publisher":{"@id":"https:\/\/lemanegedegivet.fr\/#organization"},"image":{"@id":"https:\/\/lemanegedegivet.fr\/?p=1358#primaryimage"},"thumbnailUrl":"https:\/\/lemanegedegivet.fr\/wp-content\/uploads\/affiche_Liane-Foly.png","articleSection":["archives"],"inLanguage":"fr-FR"},{"@type":"WebPage","@id":"https:\/\/lemanegedegivet.fr\/?p=1358","url":"https:\/\/lemanegedegivet.fr\/?p=1358","name":"La Folle repart en Th\u00e8se - Le Man\u00e8ge","isPartOf":{"@id":"https:\/\/lemanegedegivet.fr\/#website"},"primaryImageOfPage":{"@id":"https:\/\/lemanegedegivet.fr\/?p=1358#primaryimage"},"image":{"@id":"https:\/\/lemanegedegivet.fr\/?p=1358#primaryimage"},"thumbnailUrl":"https:\/\/lemanegedegivet.fr\/wp-content\/uploads\/affiche_Liane-Foly.png","datePublished":"2024-08-22T09:00:25+00:00","dateModified":"2025-02-11T17:01:20+00:00","breadcrumb":{"@id":"https:\/\/lemanegedegivet.fr\/?p=1358#breadcrumb"},"inLanguage":"fr-FR","potentialAction":[{"@type":"ReadAction","target":["https:\/\/lemanegedegivet.fr\/?p=1358"]}]},{"@type":"ImageObject","inLanguage":"fr-FR","@id":"https:\/\/lemanegedegivet.fr\/?p=1358#primaryimage","url":"https:\/\/lemanegedegivet.fr\/wp-content\/uploads\/affiche_Liane-Foly.png","contentUrl":"https:\/\/lemanegedegivet.fr\/wp-content\/uploads\/affiche_Liane-Foly.png","width":3508,"height":4961},{"@type":"BreadcrumbList","@id":"https:\/\/lemanegedegivet.fr\/?p=1358#breadcrumb","itemListElement":[{"@type":"ListItem","position":1,"name":"Accueil","item":"https:\/\/lemanegedegivet.fr\/"},{"@type":"ListItem","position":2,"name":"La Folle repart en Th\u00e8se"}]},{"@type":"WebSite","@id":"https:\/\/lemanegedegivet.fr\/#website","url":"https:\/\/lemanegedegivet.fr\/","name":"Le Man\u00e8ge de Givet","description":"","publisher":{"@id":"https:\/\/lemanegedegivet.fr\/#organization"},"potentialAction":[{"@type":"SearchAction","target":{"@type":"EntryPoint","urlTemplate":"https:\/\/lemanegedegivet.fr\/?s={search_term_string}"},"query-input":{"@type":"PropertyValueSpecification","valueRequired":true,"valueName":"search_term_string"}}],"inLanguage":"fr-FR"},{"@type":"Organization","@id":"https:\/\/lemanegedegivet.fr\/#organization","name":"Le Man\u00e8ge de Givet","url":"https:\/\/lemanegedegivet.fr\/","logo":{"@type":"ImageObject","inLanguage":"fr-FR","@id":"https:\/\/lemanegedegivet.fr\/#\/schema\/logo\/image\/","url":"https:\/\/lemanegedegivet.fr\/wp-content\/uploads\/jours_1920.avif","contentUrl":"https:\/\/lemanegedegivet.fr\/wp-content\/uploads\/jours_1920.avif","width":1920,"height":1280,"caption":"Le Man\u00e8ge de Givet"},"image":{"@id":"https:\/\/lemanegedegivet.fr\/#\/schema\/logo\/image\/"},"sameAs":["https:\/\/www.facebook.com\/people\/Cinma-Spectacles-Le-Mange-GIVET\/61551363475246\/"]},{"@type":"Person","@id":"https:\/\/lemanegedegivet.fr\/#\/schema\/person\/c0cbf6346e2747ee289f546d1defdae5","name":"Luc Arden","url":"https:\/\/lemanegedegivet.fr\/?author=4"}]}},"uagb_featured_image_src":{"full":["https:\/\/lemanegedegivet.fr\/wp-content\/uploads\/affiche_Liane-Foly.png",3508,4961,false],"thumbnail":["https:\/\/lemanegedegivet.fr\/wp-content\/uploads\/affiche_Liane-Foly-150x150.png",150,150,true],"medium":["https:\/\/lemanegedegivet.fr\/wp-content\/uploads\/affiche_Liane-Foly-212x300.png",212,300,true],"medium_large":["https:\/\/lemanegedegivet.fr\/wp-content\/uploads\/affiche_Liane-Foly-768x1086.png",768,1086,true],"large":["https:\/\/lemanegedegivet.fr\/wp-content\/uploads\/affiche_Liane-Foly-724x1024.png",724,1024,true],"1536x1536":["https:\/\/lemanegedegivet.fr\/wp-content\/uploads\/affiche_Liane-Foly-1086x1536.png",1086,1536,true],"2048x2048":["https:\/\/lemanegedegivet.fr\/wp-content\/uploads\/affiche_Liane-Foly-1448x2048.png",1448,2048,true],"depicter-thumbnail":["https:\/\/lemanegedegivet.fr\/wp-content\/uploads\/affiche_Liane-Foly-200x283.png",200,283,true]},"uagb_author_info":{"display_name":"Luc Arden","author_link":"https:\/\/lemanegedegivet.fr\/?author=4"},"uagb_comment_info":0,"uagb_excerpt":"Un spectacle \u00e0 venir voir au Man\u00e8ge de Givet, le 01 f\u00e9vrier 2025 \u00e0 20h30","publishpress_future_action":{"enabled":false,"date":"2026-05-07 09:31:10","action":"change-status","newStatus":"draft","terms":[],"taxonomy":"category","extraData":[]},"publishpress_future_workflow_manual_trigger":{"enabledWorkflows":[]},"_links":{"self":[{"href":"https:\/\/lemanegedegivet.fr\/index.php?rest_route=\/wp\/v2\/posts\/1358","targetHints":{"allow":["GET"]}}],"collection":[{"href":"https:\/\/lemanegedegivet.fr\/index.php?rest_route=\/wp\/v2\/posts"}],"about":[{"href":"https:\/\/lemanegedegivet.fr\/index.php?rest_route=\/wp\/v2\/types\/post"}],"author":[{"embeddable":true,"href":"https:\/\/lemanegedegivet.fr\/index.php?rest_route=\/wp\/v2\/users\/4"}],"replies":[{"embeddable":true,"href":"https:\/\/lemanegedegivet.fr\/index.php?rest_route=%2Fwp%2Fv2%2Fcomments&post=1358"}],"version-history":[{"count":10,"href":"https:\/\/lemanegedegivet.fr\/index.php?rest_route=\/wp\/v2\/posts\/1358\/revisions"}],"predecessor-version":[{"id":1784,"href":"https:\/\/lemanegedegivet.fr\/index.php?rest_route=\/wp\/v2\/posts\/1358\/revisions\/1784"}],"wp:featuredmedia":[{"embeddable":true,"href":"https:\/\/lemanegedegivet.fr\/index.php?rest_route=\/wp\/v2\/media\/2110"}],"wp:attachment":[{"href":"https:\/\/lemanegedegivet.fr\/index.php?rest_route=%2Fwp%2Fv2%2Fmedia&parent=1358"}],"wp:term":[{"taxonomy":"category","embeddable":true,"href":"https:\/\/lemanegedegivet.fr\/index.php?rest_route=%2Fwp%2Fv2%2Fcategories&post=1358"},{"taxonomy":"post_tag","embeddable":true,"href":"https:\/\/lemanegedegivet.fr\/index.php?rest_route=%2Fwp%2Fv2%2Ftags&post=1358"}],"curies":[{"name":"wp","href":"https:\/\/api.w.org\/{rel}","templated":true}]}}