{"id":1380,"date":"2024-08-22T10:00:21","date_gmt":"2024-08-22T08:00:21","guid":{"rendered":"https:\/\/lemanegedegivet.fr\/?p=1380"},"modified":"2025-03-25T17:18:34","modified_gmt":"2025-03-25T16:18:34","slug":"apres-tout","status":"publish","type":"post","link":"https:\/\/lemanegedegivet.fr\/?p=1380","title":{"rendered":"Apr\u00e8s Tout"},"content":{"rendered":"\n<div class=\"wp-block-uagb-container uagb-block-edfa65fa alignfull uagb-is-root-container\"><div class=\"uagb-container-inner-blocks-wrap\">\n<div class=\"wp-block-columns is-layout-flex wp-container-core-columns-is-layout-28f84493 wp-block-columns-is-layout-flex\">\n<div class=\"wp-block-column is-layout-flow wp-block-column-is-layout-flow\" style=\"padding-right:var(--wp--preset--spacing--10);padding-left:var(--wp--preset--spacing--10);flex-basis:33.33%\">\n<div style=\"height:30px\" aria-hidden=\"true\" class=\"wp-block-spacer\"><\/div>\n\n\n\n<h2 class=\"wp-block-heading has-text-align-center\" style=\"text-transform:none\">Vendredi 7 mars 2025<\/h2>\n\n\n\n<h3 class=\"wp-block-heading has-text-align-center has-body-font-family\"><strong>20h30<\/strong><\/h3>\n\n\n<figure class=\"wp-block-post-featured-image\"><img loading=\"lazy\" decoding=\"async\" width=\"842\" height=\"1191\" src=\"https:\/\/lemanegedegivet.fr\/wp-content\/uploads\/apres-tout.jpg\" class=\"attachment-post-thumbnail size-post-thumbnail wp-post-image\" alt=\"\" style=\"object-fit:cover;\" srcset=\"https:\/\/lemanegedegivet.fr\/wp-content\/uploads\/apres-tout.jpg 842w, https:\/\/lemanegedegivet.fr\/wp-content\/uploads\/apres-tout-212x300.jpg 212w, https:\/\/lemanegedegivet.fr\/wp-content\/uploads\/apres-tout-724x1024.jpg 724w, https:\/\/lemanegedegivet.fr\/wp-content\/uploads\/apres-tout-768x1086.jpg 768w, https:\/\/lemanegedegivet.fr\/wp-content\/uploads\/apres-tout-200x283.jpg 200w\" sizes=\"auto, (max-width: 842px) 100vw, 842px\" \/><\/figure><\/div>\n\n\n\n<div class=\"wp-block-column has-global-padding is-layout-constrained wp-block-column-is-layout-constrained\" style=\"flex-basis:66.66%\">\n<div class=\"wp-block-uagb-container uagb-block-362ad794\"><h2 style=\"font-style:normal;font-weight:300;text-transform:capitalize; padding-right:0;padding-left:0;padding-top:0;padding-bottom:0;\" class=\"has-text-align-center has-link-color wp-elements-87eac9adf474852cd1a01ca5dddfdcea wp-block-post-title has-text-color has-accent-3-color has-montserrat-font-family\">Apr\u00e8s Tout<\/h2>\n\n\n<figure class=\"wp-block-image aligncenter size-large is-resized\"><img loading=\"lazy\" decoding=\"async\" width=\"756\" height=\"1024\" src=\"https:\/\/lemanegedegivet.fr\/wp-content\/uploads\/WEB-Gipsy-Raw-2-756x1024.jpg\" alt=\"\" class=\"wp-image-1313\" style=\"width:456px;height:auto\" srcset=\"https:\/\/lemanegedegivet.fr\/wp-content\/uploads\/WEB-Gipsy-Raw-2-756x1024.jpg 756w, https:\/\/lemanegedegivet.fr\/wp-content\/uploads\/WEB-Gipsy-Raw-2-221x300.jpg 221w, https:\/\/lemanegedegivet.fr\/wp-content\/uploads\/WEB-Gipsy-Raw-2-768x1041.jpg 768w, https:\/\/lemanegedegivet.fr\/wp-content\/uploads\/WEB-Gipsy-Raw-2-200x271.jpg 200w, https:\/\/lemanegedegivet.fr\/wp-content\/uploads\/WEB-Gipsy-Raw-2.jpg 797w\" sizes=\"auto, (max-width: 756px) 100vw, 756px\" \/><\/figure>\n\n\n\n<pre class=\"wp-block-preformatted has-montserrat-font-family has-medium-font-size\"><br><strong>LE SPECTACLE<\/strong><br>Dans \u201cApr\u00e8s Tout\u201d, Manon et Pasquale se questionnent sur la notion du temps.\u00a0Comme tout passionn\u00e9, ils passent des heures \u00e0 apprendre, essayer, se corriger, essayer de nouveau\u2026\u00a0Un temps qu\u2019ils ne comptent pas, refl\u00e9tant aujourd\u2019hui la valeur de leur danse.\u00a0Contrairement au temps, qui lui est sans limite, le danseur en poss\u00e8de une.\u00a0C\u2019est pourquoi aujourd\u2019hui,\u00a0le temps d\u2019un r\u00eave, ils souhaitent offrir une bouff\u00e9e d\u2019oxyg\u00e8ne \u00e0 leur public.<br>Dans\u00a0\"Apr\u00e8s tout\"\u00a0les spectateurs seront plong\u00e9s dans l\u2019atmosph\u00e8re plus intimiste de ces deux fortes personnalit\u00e9s.\u00a0Une complicit\u00e9 retrouv\u00e9e par le mariage parfait entre le breakdance de Paco et le style hybride de Manon.\u00a0Un spectacle riche en \u00e9motions et technicit\u00e9 !<br><br><br><mark style=\"background-color:rgba(0, 0, 0, 0);color:#0011d2\" class=\"has-inline-color\"><strong>DUR\u00c9E : 50 minutes<\/strong><br><\/mark><br><br><strong>DISTRIBUTION<\/strong><br>Manon MAFRICI<br>Pasquale FORTUNATO<br><br><br><strong>NOTE D\u2019INTENTION<\/strong><br>Cette pie\u0300ce se questionne sur le temps du point de vue de l'Humanite\u0301 : L\u2019homme est de\u0301pendant du temps qui passe.<br>A\u0300 sa naissance, il chute dans l\u2019univers et le traverse durant le cours de sa vie pour la terminer lors de sa mort. Un fil logique, l\u2019homme sait qu\u2019il nai\u0302t pour mourir un jour. Cependant, il est dur d\u2019accepter que cette vie puisse e\u0302tre marque\u0301e en fonction d\u2019e\u0301ve\u0301nements impre\u0301visibles tels la maladie, les ale\u0301as de la vie... L\u2019amour en devient la solution... <br>Si la vie suit son destin, \u201cla substantifique moelle\u201d est d\u2019en profiter avec les personnes que l\u2019on aime.<br>Dans cette pie\u0300ce de 50 minutes, le public repre\u0301sente l'Homme dans l'Histoire du temps, symbolise\u0301 ici par les deux artistes sur sce\u0300ne. Manon et Pasquale offrent leur vision de la vie avec ses co\u0302te\u0301s positifs et ne\u0301gatifs. Le public a\u0300 la liberte\u0301 de s\u2019approprier comme il le souhaite l\u2019histoire qui s\u2019offre a\u0300 eux sans ne rien pouvoir y changer restant juste \u00ab spectateurs \u00bb du temps.<br>\u00ab Apr\u00e8s Tout \u00bb  est une e\u0301chappe\u0301e, une bouffe\u0301e d\u2019oxyge\u0300ne pour le public, un arre\u0302t du temps pour se recentrer sur soi.<br><br><br><strong>LES ARTISTES<\/strong><br>Manon Mafrici et Pasquale Fortunato nous transportent avec inge\u0301niosite\u0301 et virtuosite\u0301 dans leur univers poe\u0301tique. \u201cApre\u0300s Tout\u201d est un spectacle espie\u0300gle et tendre sur le temps, au croisement de la contorsion, de l\u2019art de l\u2019illusion et du breakdance.<br>Pasquale appele\u0301 \u00ab BBOY PACO \u00bb dans le monde des compe\u0301titions et battles est un \u00ab bboy \u00bb (breakdancer = danseur au sol), connu dans le monde entier pour ses figures impressionnantes appele\u0301es \u00ab Powermoves \u00bb et plus particulie\u0300rement par celle appele\u0301e \u00ab le ninety \u00bb (tours sur la<br>main), il de\u0301tient un des records mondiaux de 26 tours.<br>Manon Mafrici, danseuse pluridisciplinaire de 23 ans, commence la danse par le classique et le jazz puis s\u2019ouvre au breakdance et se forme a\u0300 la contorsion. Elle aime porter a\u0300 l\u2019excellence chaque<br>discipline qu\u2019elle pratique dans le but de cre\u0301er son propre style. Manon met en avant dans APRES TOUT le temps intangible, par la contorsion, elle symbolise la me\u0301taphore du temps.<br>Pasquale, quant a\u0300 lui, caracte\u0301rise la notion du temps sans limites par l\u2019utilisation de ses<br>\"powermoves\" (figures rotatives). Le temps est un cercle infini que l\u2019homme compte et mate\u0301rialise par l\u2019horloge. La singularite\u0301 de chaque artiste est voulue et est mise en avant : les artistes se retrouvent lors des passages de danse jazz et contemporaine.<br>Ce duo \"Apr\u00e8s Tout\" repre\u0301sente l'alliance de ces deux artistes perfectionnistes. Ils souhaitent mettre en avant la danse en se focalisant sur l\u2019aspect technique. Le mouvement est porte\u0301 a\u0300 son maximum de difficulte\u0301, tout en contraste avec l\u2019univers poe\u0301tique et sensible qu\u2019ils de\u0301gagent<br>ensemble.<br><br><br>\ud835\udc45\ud835\udc52\u0301\ud835\udc60\ud835\udc52\ud835\udc5f\ud835\udc63\ud835\udc4e\ud835\udc61\ud835\udc56\ud835\udc5c\ud835\udc5b \ud835\udc60\ud835\udc62\ud835\udc5f \ud835\udc5d\ud835\udc59\ud835\udc4e\ud835\udc50\ud835\udc52 \ud835\udc5c\ud835\udc62 \ud835\udc5d\ud835\udc4e\ud835\udc5f \ud835\udc61\ud835\udc52\u0301\ud835\udc59\ud835\udc52\u0301\ud835\udc5d\u210e\ud835\udc5c\ud835\udc5b\ud835\udc52 \ud835\udc4e\ud835\udc62 \ud835\udfce\ud835\udfd7 \ud835\udfd5\ud835\udfcf \ud835\udfd3\ud835\udfd6 \ud835\udfd3\ud835\udfd7 \ud835\udfd2\ud835\udfd5<br>\ud835\udc47\ud835\udc4e\ud835\udc5f\ud835\udc56\ud835\udc53\ud835\udc60 :<br>\ud835\udc43\ud835\udc59\ud835\udc52\ud835\udc56\ud835\udc5b : 15\u20ac       \ud835\udc45\ud835\udc52\u0301\ud835\udc51\ud835\udc62\ud835\udc56\ud835\udc61 : 10\u20ac       -14 \ud835\udc4e\ud835\udc5b\ud835\udc60 : 5\u20ac<\/pre>\n<\/div>\n<\/div>\n<\/div>\n<\/div><\/div>\n","protected":false},"excerpt":{"rendered":"<p> Un spectacle \u00e0 venir voir au Man\u00e8ge de Givet, le 07 mars 2025 \u00e0 20h30<\/p>\n","protected":false},"author":4,"featured_media":2265,"comment_status":"closed","ping_status":"closed","sticky":false,"template":"spectacles","format":"standard","meta":{"inline_featured_image":false,"_uag_custom_page_level_css":"","footnotes":""},"categories":[103],"tags":[],"class_list":["post-1380","post","type-post","status-publish","format-standard","has-post-thumbnail","hentry","category-archives"],"yoast_head":"<!-- This site is optimized with the Yoast SEO plugin v25.8 - https:\/\/yoast.com\/wordpress\/plugins\/seo\/ -->\n<title>Apr\u00e8s Tout - Le Man\u00e8ge<\/title>\n<meta name=\"robots\" content=\"index, follow, max-snippet:-1, max-image-preview:large, max-video-preview:-1\" \/>\n<link rel=\"canonical\" href=\"https:\/\/lemanegedegivet.fr\/?p=1380\" \/>\n<meta property=\"og:locale\" content=\"fr_FR\" \/>\n<meta property=\"og:type\" content=\"article\" \/>\n<meta property=\"og:title\" content=\"Apr\u00e8s Tout - Le Man\u00e8ge\" \/>\n<meta property=\"og:description\" content=\"Un spectacle \u00e0 venir voir au Man\u00e8ge de Givet, le 07 mars 2025 \u00e0 20h30\" \/>\n<meta property=\"og:url\" content=\"https:\/\/lemanegedegivet.fr\/?p=1380\" \/>\n<meta property=\"og:site_name\" content=\"Le Man\u00e8ge\" \/>\n<meta property=\"article:publisher\" content=\"https:\/\/www.facebook.com\/people\/Cinma-Spectacles-Le-Mange-GIVET\/61551363475246\/\" \/>\n<meta property=\"article:published_time\" content=\"2024-08-22T08:00:21+00:00\" \/>\n<meta property=\"article:modified_time\" content=\"2025-03-25T16:18:34+00:00\" \/>\n<meta property=\"og:image\" content=\"https:\/\/lemanegedegivet.fr\/wp-content\/uploads\/apres-tout.jpg\" \/>\n\t<meta property=\"og:image:width\" content=\"842\" \/>\n\t<meta property=\"og:image:height\" content=\"1191\" \/>\n\t<meta property=\"og:image:type\" content=\"image\/jpeg\" \/>\n<meta name=\"author\" content=\"Luc Arden\" \/>\n<meta name=\"twitter:card\" content=\"summary_large_image\" \/>\n<meta name=\"twitter:label1\" content=\"\u00c9crit par\" \/>\n\t<meta name=\"twitter:data1\" content=\"Luc Arden\" \/>\n\t<meta name=\"twitter:label2\" content=\"Dur\u00e9e de lecture estim\u00e9e\" \/>\n\t<meta name=\"twitter:data2\" content=\"1 minute\" \/>\n<script type=\"application\/ld+json\" class=\"yoast-schema-graph\">{\"@context\":\"https:\/\/schema.org\",\"@graph\":[{\"@type\":\"Article\",\"@id\":\"https:\/\/lemanegedegivet.fr\/?p=1380#article\",\"isPartOf\":{\"@id\":\"https:\/\/lemanegedegivet.fr\/?p=1380\"},\"author\":{\"name\":\"Luc Arden\",\"@id\":\"https:\/\/lemanegedegivet.fr\/#\/schema\/person\/c0cbf6346e2747ee289f546d1defdae5\"},\"headline\":\"Apr\u00e8s Tout\",\"datePublished\":\"2024-08-22T08:00:21+00:00\",\"dateModified\":\"2025-03-25T16:18:34+00:00\",\"mainEntityOfPage\":{\"@id\":\"https:\/\/lemanegedegivet.fr\/?p=1380\"},\"wordCount\":6,\"publisher\":{\"@id\":\"https:\/\/lemanegedegivet.fr\/#organization\"},\"image\":{\"@id\":\"https:\/\/lemanegedegivet.fr\/?p=1380#primaryimage\"},\"thumbnailUrl\":\"https:\/\/lemanegedegivet.fr\/wp-content\/uploads\/apres-tout.jpg\",\"articleSection\":[\"archives\"],\"inLanguage\":\"fr-FR\"},{\"@type\":\"WebPage\",\"@id\":\"https:\/\/lemanegedegivet.fr\/?p=1380\",\"url\":\"https:\/\/lemanegedegivet.fr\/?p=1380\",\"name\":\"Apr\u00e8s Tout - Le Man\u00e8ge\",\"isPartOf\":{\"@id\":\"https:\/\/lemanegedegivet.fr\/#website\"},\"primaryImageOfPage\":{\"@id\":\"https:\/\/lemanegedegivet.fr\/?p=1380#primaryimage\"},\"image\":{\"@id\":\"https:\/\/lemanegedegivet.fr\/?p=1380#primaryimage\"},\"thumbnailUrl\":\"https:\/\/lemanegedegivet.fr\/wp-content\/uploads\/apres-tout.jpg\",\"datePublished\":\"2024-08-22T08:00:21+00:00\",\"dateModified\":\"2025-03-25T16:18:34+00:00\",\"breadcrumb\":{\"@id\":\"https:\/\/lemanegedegivet.fr\/?p=1380#breadcrumb\"},\"inLanguage\":\"fr-FR\",\"potentialAction\":[{\"@type\":\"ReadAction\",\"target\":[\"https:\/\/lemanegedegivet.fr\/?p=1380\"]}]},{\"@type\":\"ImageObject\",\"inLanguage\":\"fr-FR\",\"@id\":\"https:\/\/lemanegedegivet.fr\/?p=1380#primaryimage\",\"url\":\"https:\/\/lemanegedegivet.fr\/wp-content\/uploads\/apres-tout.jpg\",\"contentUrl\":\"https:\/\/lemanegedegivet.fr\/wp-content\/uploads\/apres-tout.jpg\",\"width\":842,\"height\":1191},{\"@type\":\"BreadcrumbList\",\"@id\":\"https:\/\/lemanegedegivet.fr\/?p=1380#breadcrumb\",\"itemListElement\":[{\"@type\":\"ListItem\",\"position\":1,\"name\":\"Accueil\",\"item\":\"https:\/\/lemanegedegivet.fr\/\"},{\"@type\":\"ListItem\",\"position\":2,\"name\":\"Apr\u00e8s Tout\"}]},{\"@type\":\"WebSite\",\"@id\":\"https:\/\/lemanegedegivet.fr\/#website\",\"url\":\"https:\/\/lemanegedegivet.fr\/\",\"name\":\"Le Man\u00e8ge de Givet\",\"description\":\"\",\"publisher\":{\"@id\":\"https:\/\/lemanegedegivet.fr\/#organization\"},\"potentialAction\":[{\"@type\":\"SearchAction\",\"target\":{\"@type\":\"EntryPoint\",\"urlTemplate\":\"https:\/\/lemanegedegivet.fr\/?s={search_term_string}\"},\"query-input\":{\"@type\":\"PropertyValueSpecification\",\"valueRequired\":true,\"valueName\":\"search_term_string\"}}],\"inLanguage\":\"fr-FR\"},{\"@type\":\"Organization\",\"@id\":\"https:\/\/lemanegedegivet.fr\/#organization\",\"name\":\"Le Man\u00e8ge de Givet\",\"url\":\"https:\/\/lemanegedegivet.fr\/\",\"logo\":{\"@type\":\"ImageObject\",\"inLanguage\":\"fr-FR\",\"@id\":\"https:\/\/lemanegedegivet.fr\/#\/schema\/logo\/image\/\",\"url\":\"https:\/\/lemanegedegivet.fr\/wp-content\/uploads\/jours_1920.avif\",\"contentUrl\":\"https:\/\/lemanegedegivet.fr\/wp-content\/uploads\/jours_1920.avif\",\"width\":1920,\"height\":1280,\"caption\":\"Le Man\u00e8ge de Givet\"},\"image\":{\"@id\":\"https:\/\/lemanegedegivet.fr\/#\/schema\/logo\/image\/\"},\"sameAs\":[\"https:\/\/www.facebook.com\/people\/Cinma-Spectacles-Le-Mange-GIVET\/61551363475246\/\"]},{\"@type\":\"Person\",\"@id\":\"https:\/\/lemanegedegivet.fr\/#\/schema\/person\/c0cbf6346e2747ee289f546d1defdae5\",\"name\":\"Luc Arden\",\"url\":\"https:\/\/lemanegedegivet.fr\/?author=4\"}]}<\/script>\n<!-- \/ Yoast SEO plugin. -->","yoast_head_json":{"title":"Apr\u00e8s Tout - Le Man\u00e8ge","robots":{"index":"index","follow":"follow","max-snippet":"max-snippet:-1","max-image-preview":"max-image-preview:large","max-video-preview":"max-video-preview:-1"},"canonical":"https:\/\/lemanegedegivet.fr\/?p=1380","og_locale":"fr_FR","og_type":"article","og_title":"Apr\u00e8s Tout - Le Man\u00e8ge","og_description":"Un spectacle \u00e0 venir voir au Man\u00e8ge de Givet, le 07 mars 2025 \u00e0 20h30","og_url":"https:\/\/lemanegedegivet.fr\/?p=1380","og_site_name":"Le Man\u00e8ge","article_publisher":"https:\/\/www.facebook.com\/people\/Cinma-Spectacles-Le-Mange-GIVET\/61551363475246\/","article_published_time":"2024-08-22T08:00:21+00:00","article_modified_time":"2025-03-25T16:18:34+00:00","og_image":[{"width":842,"height":1191,"url":"https:\/\/lemanegedegivet.fr\/wp-content\/uploads\/apres-tout.jpg","type":"image\/jpeg"}],"author":"Luc Arden","twitter_card":"summary_large_image","twitter_misc":{"\u00c9crit par":"Luc Arden","Dur\u00e9e de lecture estim\u00e9e":"1 minute"},"schema":{"@context":"https:\/\/schema.org","@graph":[{"@type":"Article","@id":"https:\/\/lemanegedegivet.fr\/?p=1380#article","isPartOf":{"@id":"https:\/\/lemanegedegivet.fr\/?p=1380"},"author":{"name":"Luc Arden","@id":"https:\/\/lemanegedegivet.fr\/#\/schema\/person\/c0cbf6346e2747ee289f546d1defdae5"},"headline":"Apr\u00e8s Tout","datePublished":"2024-08-22T08:00:21+00:00","dateModified":"2025-03-25T16:18:34+00:00","mainEntityOfPage":{"@id":"https:\/\/lemanegedegivet.fr\/?p=1380"},"wordCount":6,"publisher":{"@id":"https:\/\/lemanegedegivet.fr\/#organization"},"image":{"@id":"https:\/\/lemanegedegivet.fr\/?p=1380#primaryimage"},"thumbnailUrl":"https:\/\/lemanegedegivet.fr\/wp-content\/uploads\/apres-tout.jpg","articleSection":["archives"],"inLanguage":"fr-FR"},{"@type":"WebPage","@id":"https:\/\/lemanegedegivet.fr\/?p=1380","url":"https:\/\/lemanegedegivet.fr\/?p=1380","name":"Apr\u00e8s Tout - Le Man\u00e8ge","isPartOf":{"@id":"https:\/\/lemanegedegivet.fr\/#website"},"primaryImageOfPage":{"@id":"https:\/\/lemanegedegivet.fr\/?p=1380#primaryimage"},"image":{"@id":"https:\/\/lemanegedegivet.fr\/?p=1380#primaryimage"},"thumbnailUrl":"https:\/\/lemanegedegivet.fr\/wp-content\/uploads\/apres-tout.jpg","datePublished":"2024-08-22T08:00:21+00:00","dateModified":"2025-03-25T16:18:34+00:00","breadcrumb":{"@id":"https:\/\/lemanegedegivet.fr\/?p=1380#breadcrumb"},"inLanguage":"fr-FR","potentialAction":[{"@type":"ReadAction","target":["https:\/\/lemanegedegivet.fr\/?p=1380"]}]},{"@type":"ImageObject","inLanguage":"fr-FR","@id":"https:\/\/lemanegedegivet.fr\/?p=1380#primaryimage","url":"https:\/\/lemanegedegivet.fr\/wp-content\/uploads\/apres-tout.jpg","contentUrl":"https:\/\/lemanegedegivet.fr\/wp-content\/uploads\/apres-tout.jpg","width":842,"height":1191},{"@type":"BreadcrumbList","@id":"https:\/\/lemanegedegivet.fr\/?p=1380#breadcrumb","itemListElement":[{"@type":"ListItem","position":1,"name":"Accueil","item":"https:\/\/lemanegedegivet.fr\/"},{"@type":"ListItem","position":2,"name":"Apr\u00e8s Tout"}]},{"@type":"WebSite","@id":"https:\/\/lemanegedegivet.fr\/#website","url":"https:\/\/lemanegedegivet.fr\/","name":"Le Man\u00e8ge de Givet","description":"","publisher":{"@id":"https:\/\/lemanegedegivet.fr\/#organization"},"potentialAction":[{"@type":"SearchAction","target":{"@type":"EntryPoint","urlTemplate":"https:\/\/lemanegedegivet.fr\/?s={search_term_string}"},"query-input":{"@type":"PropertyValueSpecification","valueRequired":true,"valueName":"search_term_string"}}],"inLanguage":"fr-FR"},{"@type":"Organization","@id":"https:\/\/lemanegedegivet.fr\/#organization","name":"Le Man\u00e8ge de Givet","url":"https:\/\/lemanegedegivet.fr\/","logo":{"@type":"ImageObject","inLanguage":"fr-FR","@id":"https:\/\/lemanegedegivet.fr\/#\/schema\/logo\/image\/","url":"https:\/\/lemanegedegivet.fr\/wp-content\/uploads\/jours_1920.avif","contentUrl":"https:\/\/lemanegedegivet.fr\/wp-content\/uploads\/jours_1920.avif","width":1920,"height":1280,"caption":"Le Man\u00e8ge de Givet"},"image":{"@id":"https:\/\/lemanegedegivet.fr\/#\/schema\/logo\/image\/"},"sameAs":["https:\/\/www.facebook.com\/people\/Cinma-Spectacles-Le-Mange-GIVET\/61551363475246\/"]},{"@type":"Person","@id":"https:\/\/lemanegedegivet.fr\/#\/schema\/person\/c0cbf6346e2747ee289f546d1defdae5","name":"Luc Arden","url":"https:\/\/lemanegedegivet.fr\/?author=4"}]}},"uagb_featured_image_src":{"full":["https:\/\/lemanegedegivet.fr\/wp-content\/uploads\/apres-tout.jpg",842,1191,false],"thumbnail":["https:\/\/lemanegedegivet.fr\/wp-content\/uploads\/apres-tout-150x150.jpg",150,150,true],"medium":["https:\/\/lemanegedegivet.fr\/wp-content\/uploads\/apres-tout-212x300.jpg",212,300,true],"medium_large":["https:\/\/lemanegedegivet.fr\/wp-content\/uploads\/apres-tout-768x1086.jpg",768,1086,true],"large":["https:\/\/lemanegedegivet.fr\/wp-content\/uploads\/apres-tout-724x1024.jpg",724,1024,true],"1536x1536":["https:\/\/lemanegedegivet.fr\/wp-content\/uploads\/apres-tout.jpg",842,1191,false],"2048x2048":["https:\/\/lemanegedegivet.fr\/wp-content\/uploads\/apres-tout.jpg",842,1191,false],"depicter-thumbnail":["https:\/\/lemanegedegivet.fr\/wp-content\/uploads\/apres-tout-200x283.jpg",200,283,true]},"uagb_author_info":{"display_name":"Luc Arden","author_link":"https:\/\/lemanegedegivet.fr\/?author=4"},"uagb_comment_info":0,"uagb_excerpt":"Un spectacle \u00e0 venir voir au Man\u00e8ge de Givet, le 07 mars 2025 \u00e0 20h30","publishpress_future_action":{"enabled":false,"date":"2026-05-07 09:50:09","action":"change-status","newStatus":"draft","terms":[],"taxonomy":"category","extraData":[]},"publishpress_future_workflow_manual_trigger":{"enabledWorkflows":[]},"_links":{"self":[{"href":"https:\/\/lemanegedegivet.fr\/index.php?rest_route=\/wp\/v2\/posts\/1380","targetHints":{"allow":["GET"]}}],"collection":[{"href":"https:\/\/lemanegedegivet.fr\/index.php?rest_route=\/wp\/v2\/posts"}],"about":[{"href":"https:\/\/lemanegedegivet.fr\/index.php?rest_route=\/wp\/v2\/types\/post"}],"author":[{"embeddable":true,"href":"https:\/\/lemanegedegivet.fr\/index.php?rest_route=\/wp\/v2\/users\/4"}],"replies":[{"embeddable":true,"href":"https:\/\/lemanegedegivet.fr\/index.php?rest_route=%2Fwp%2Fv2%2Fcomments&post=1380"}],"version-history":[{"count":11,"href":"https:\/\/lemanegedegivet.fr\/index.php?rest_route=\/wp\/v2\/posts\/1380\/revisions"}],"predecessor-version":[{"id":1785,"href":"https:\/\/lemanegedegivet.fr\/index.php?rest_route=\/wp\/v2\/posts\/1380\/revisions\/1785"}],"wp:featuredmedia":[{"embeddable":true,"href":"https:\/\/lemanegedegivet.fr\/index.php?rest_route=\/wp\/v2\/media\/2265"}],"wp:attachment":[{"href":"https:\/\/lemanegedegivet.fr\/index.php?rest_route=%2Fwp%2Fv2%2Fmedia&parent=1380"}],"wp:term":[{"taxonomy":"category","embeddable":true,"href":"https:\/\/lemanegedegivet.fr\/index.php?rest_route=%2Fwp%2Fv2%2Fcategories&post=1380"},{"taxonomy":"post_tag","embeddable":true,"href":"https:\/\/lemanegedegivet.fr\/index.php?rest_route=%2Fwp%2Fv2%2Ftags&post=1380"}],"curies":[{"name":"wp","href":"https:\/\/api.w.org\/{rel}","templated":true}]}}