{"id":1393,"date":"2024-08-23T11:00:58","date_gmt":"2024-08-23T09:00:58","guid":{"rendered":"https:\/\/lemanegedegivet.fr\/?p=1393"},"modified":"2025-02-11T17:54:16","modified_gmt":"2025-02-11T16:54:16","slug":"au-dela-des-nuages","status":"publish","type":"post","link":"https:\/\/lemanegedegivet.fr\/?p=1393","title":{"rendered":"Au-del\u00e0 des Nuages"},"content":{"rendered":"\n<div class=\"wp-block-uagb-container uagb-block-edfa65fa alignfull uagb-is-root-container\"><div class=\"uagb-container-inner-blocks-wrap\">\n<div class=\"wp-block-columns is-layout-flex wp-container-core-columns-is-layout-28f84493 wp-block-columns-is-layout-flex\">\n<div class=\"wp-block-column is-layout-flow wp-block-column-is-layout-flow\" style=\"padding-right:var(--wp--preset--spacing--10);padding-left:var(--wp--preset--spacing--10);flex-basis:33.33%\">\n<div style=\"height:30px\" aria-hidden=\"true\" class=\"wp-block-spacer\"><\/div>\n\n\n\n<h2 class=\"wp-block-heading has-text-align-center\" style=\"text-transform:none\">Samedi 18 janvier 2025<\/h2>\n\n\n\n<h3 class=\"wp-block-heading has-text-align-center has-body-font-family\"><strong>20h30<\/strong><\/h3>\n\n\n<figure class=\"wp-block-post-featured-image\"><img loading=\"lazy\" decoding=\"async\" width=\"3508\" height=\"4961\" src=\"https:\/\/lemanegedegivet.fr\/wp-content\/uploads\/au-dela-des-nuages.png\" class=\"attachment-post-thumbnail size-post-thumbnail wp-post-image\" alt=\"\" style=\"object-fit:cover;\" srcset=\"https:\/\/lemanegedegivet.fr\/wp-content\/uploads\/au-dela-des-nuages.png 3508w, https:\/\/lemanegedegivet.fr\/wp-content\/uploads\/au-dela-des-nuages-212x300.png 212w, https:\/\/lemanegedegivet.fr\/wp-content\/uploads\/au-dela-des-nuages-724x1024.png 724w, https:\/\/lemanegedegivet.fr\/wp-content\/uploads\/au-dela-des-nuages-768x1086.png 768w, https:\/\/lemanegedegivet.fr\/wp-content\/uploads\/au-dela-des-nuages-1086x1536.png 1086w, https:\/\/lemanegedegivet.fr\/wp-content\/uploads\/au-dela-des-nuages-1448x2048.png 1448w, https:\/\/lemanegedegivet.fr\/wp-content\/uploads\/au-dela-des-nuages-200x283.png 200w\" sizes=\"auto, (max-width: 3508px) 100vw, 3508px\" \/><\/figure><\/div>\n\n\n\n<div class=\"wp-block-column has-global-padding is-layout-constrained wp-block-column-is-layout-constrained\" style=\"flex-basis:66.66%\">\n<div class=\"wp-block-uagb-container uagb-block-362ad794\"><h2 style=\"font-style:normal;font-weight:300;text-transform:capitalize; padding-right:0;padding-left:0;padding-top:0;padding-bottom:0;\" class=\"has-text-align-center has-link-color wp-elements-87eac9adf474852cd1a01ca5dddfdcea wp-block-post-title has-text-color has-accent-3-color has-montserrat-font-family\">Au-del\u00e0 des Nuages<\/h2>\n\n\n<figure class=\"wp-block-image size-large\"><img loading=\"lazy\" decoding=\"async\" width=\"1024\" height=\"683\" src=\"https:\/\/lemanegedegivet.fr\/wp-content\/uploads\/WEB-Gipsy-Raw-1-1024x683.jpg\" alt=\"\" class=\"wp-image-1312\" srcset=\"https:\/\/lemanegedegivet.fr\/wp-content\/uploads\/WEB-Gipsy-Raw-1-1024x683.jpg 1024w, https:\/\/lemanegedegivet.fr\/wp-content\/uploads\/WEB-Gipsy-Raw-1-300x200.jpg 300w, https:\/\/lemanegedegivet.fr\/wp-content\/uploads\/WEB-Gipsy-Raw-1-768x512.jpg 768w, https:\/\/lemanegedegivet.fr\/wp-content\/uploads\/WEB-Gipsy-Raw-1-1536x1024.jpg 1536w, https:\/\/lemanegedegivet.fr\/wp-content\/uploads\/WEB-Gipsy-Raw-1-200x133.jpg 200w, https:\/\/lemanegedegivet.fr\/wp-content\/uploads\/WEB-Gipsy-Raw-1.jpg 1620w\" sizes=\"auto, (max-width: 1024px) 100vw, 1024px\" \/><\/figure>\n\n\n\n<pre class=\"wp-block-preformatted has-montserrat-font-family has-medium-font-size\"><br><strong>LE SPECTACLE<\/strong><br>\"Au-del\u00e0 des Nuages\", l\u00e0 o\u00f9 le ciel rencontre l'infini, naissent les r\u00eaves les plus audacieux...<br>C'est dans cet espace mystique et intemporel que prend vie notre histoire, celle d'une jeune fille intr\u00e9pide et ambitieuse.<br>Inspir\u00e9 par la citation de Walt Disney, \"If you can dream it, you can do it\" (Si tu peux le r\u00eaver, tu peux le faire), ce solo dans\u00e9 explore l'essence m\u00eame de l'ambition et de la pers\u00e9v\u00e9rance.<br>Notre protagoniste \u00e9volue dans un monde o\u00f9 les nuages symbolisent les obstacles et les limites que chacun rencontre au cours de sa vie. A travers le langage universel de la danse, nous suivons son parcours, de l'aspiration initiale \u00e0 la r\u00e9alisation de ses r\u00eaves les plus fous. Les mouvements gracieux et puissants de son corps r\u00e9v\u00e8lent les \u00e9motions complexes li\u00e9es \u00e0 l'ambition : l'espoir, la passion, la d\u00e9termination, mais aussi les doutes et les sacrifices.<br><br><br><mark style=\"background-color:rgba(0, 0, 0, 0);color:#0011d2\" class=\"has-inline-color\"><strong>DUR\u00c9E : 50 minutes<\/strong><br><\/mark><br><br><strong>DISTRIBUTION<\/strong><br>Manon MAFRICI<br><br><br><strong>NOTE D\u2019INTENTION<\/strong><br>Ce spectacle est un hommage aux r\u00eaveurs et aux r\u00eaveuses qui osent regarder au-del\u00e0 des nuages, d\u00e9fiant les conventions, et bravant les temp\u00eates pour atteindre les \u00e9toiles. \u00c0 travers chaque pirouette, chaque saut et chaque expression du visage, nous explorons la qu\u00eate universelle de l'accomplissement personnel et du d\u00e9passement de soi.<br>Au-del\u00e0 des Nuages, est un voyage \u00e9motionnel et visuel, une c\u00e9l\u00e9bration de la force int\u00e9rieure qui nous pousse \u00e0 viser toujours plus haut.<br>Nous invitons le public \u00e0 se perdre dans ce monde enchanteur, \u00e0 la fois intime et \u00e9pique, o\u00f9 la danse transcende les fronti\u00e8res du langage, pour raconter l'histoire universelle de l'ambition, de l'amour, et du courage.<br><br><br><strong>L'ARTISTE<\/strong><br>Manon Mafrici, danseuse pluridisciplinaire de 23 ans, commence la danse par le classique et le jazz puis s\u2019ouvre au breakdance et se forme a\u0300 la contorsion. Elle aime porter a\u0300 l\u2019excellence chaque<br>discipline qu\u2019elle pratique dans le but de cre\u0301er son propre style. <br>C'est une artiste perfectionniste. Elle souhaite mettre en avant la danse en se focalisant sur l\u2019aspect technique. Le mouvement est porte\u0301 a\u0300 son maximum de difficulte\u0301, tout en contraste avec l\u2019univers poe\u0301tique et sensible qu\u2019elle de\u0301gage.<br><br><br>\ud835\udc45\ud835\udc52\u0301\ud835\udc60\ud835\udc52\ud835\udc5f\ud835\udc63\ud835\udc4e\ud835\udc61\ud835\udc56\ud835\udc5c\ud835\udc5b \ud835\udc60\ud835\udc62\ud835\udc5f \ud835\udc5d\ud835\udc59\ud835\udc4e\ud835\udc50\ud835\udc52 \ud835\udc5c\ud835\udc62 \ud835\udc5d\ud835\udc4e\ud835\udc5f \ud835\udc61\ud835\udc52\u0301\ud835\udc59\ud835\udc52\u0301\ud835\udc5d\u210e\ud835\udc5c\ud835\udc5b\ud835\udc52 \ud835\udc4e\ud835\udc62 \ud835\udfce\ud835\udfd7 \ud835\udfd5\ud835\udfcf \ud835\udfd3\ud835\udfd6 \ud835\udfd3\ud835\udfd7 \ud835\udfd2\ud835\udfd5<br>\ud835\udc47\ud835\udc4e\ud835\udc5f\ud835\udc56\ud835\udc53\ud835\udc60 :<br>\ud835\udc43\ud835\udc59\ud835\udc52\ud835\udc56\ud835\udc5b : 10\u20ac       \ud835\udc45\ud835\udc52\u0301\ud835\udc51\ud835\udc62\ud835\udc56\ud835\udc61 : 5\u20ac       -14 \ud835\udc4e\ud835\udc5b\ud835\udc60 : gratuit<\/pre>\n<\/div>\n<\/div>\n<\/div>\n<\/div><\/div>\n","protected":false},"excerpt":{"rendered":"<p> Un spectacle de danse \u00e0 venir voir au Man\u00e8ge de Givet, le 18 janvier \u00e0 20h30<\/p>\n","protected":false},"author":4,"featured_media":2111,"comment_status":"closed","ping_status":"closed","sticky":false,"template":"spectacles","format":"standard","meta":{"inline_featured_image":false,"_uag_custom_page_level_css":"","footnotes":""},"categories":[103],"tags":[],"class_list":["post-1393","post","type-post","status-publish","format-standard","has-post-thumbnail","hentry","category-archives"],"yoast_head":"<!-- This site is optimized with the Yoast SEO plugin v25.8 - https:\/\/yoast.com\/wordpress\/plugins\/seo\/ -->\n<title>Au-del\u00e0 des Nuages - Le Man\u00e8ge<\/title>\n<meta name=\"robots\" content=\"index, follow, max-snippet:-1, max-image-preview:large, max-video-preview:-1\" \/>\n<link rel=\"canonical\" href=\"https:\/\/lemanegedegivet.fr\/?p=1393\" \/>\n<meta property=\"og:locale\" content=\"fr_FR\" \/>\n<meta property=\"og:type\" content=\"article\" \/>\n<meta property=\"og:title\" content=\"Au-del\u00e0 des Nuages - Le Man\u00e8ge\" \/>\n<meta property=\"og:description\" content=\"Un spectacle de danse \u00e0 venir voir au Man\u00e8ge de Givet, le 18 janvier \u00e0 20h30\" \/>\n<meta property=\"og:url\" content=\"https:\/\/lemanegedegivet.fr\/?p=1393\" \/>\n<meta property=\"og:site_name\" content=\"Le Man\u00e8ge\" \/>\n<meta property=\"article:publisher\" content=\"https:\/\/www.facebook.com\/people\/Cinma-Spectacles-Le-Mange-GIVET\/61551363475246\/\" \/>\n<meta property=\"article:published_time\" content=\"2024-08-23T09:00:58+00:00\" \/>\n<meta property=\"article:modified_time\" content=\"2025-02-11T16:54:16+00:00\" \/>\n<meta property=\"og:image\" content=\"https:\/\/lemanegedegivet.fr\/wp-content\/uploads\/au-dela-des-nuages.png\" \/>\n\t<meta property=\"og:image:width\" content=\"3508\" \/>\n\t<meta property=\"og:image:height\" content=\"4961\" \/>\n\t<meta property=\"og:image:type\" content=\"image\/png\" \/>\n<meta name=\"author\" content=\"Luc Arden\" \/>\n<meta name=\"twitter:card\" content=\"summary_large_image\" \/>\n<meta name=\"twitter:label1\" content=\"\u00c9crit par\" \/>\n\t<meta name=\"twitter:data1\" content=\"Luc Arden\" \/>\n\t<meta name=\"twitter:label2\" content=\"Dur\u00e9e de lecture estim\u00e9e\" \/>\n\t<meta name=\"twitter:data2\" content=\"1 minute\" \/>\n<script type=\"application\/ld+json\" class=\"yoast-schema-graph\">{\"@context\":\"https:\/\/schema.org\",\"@graph\":[{\"@type\":\"Article\",\"@id\":\"https:\/\/lemanegedegivet.fr\/?p=1393#article\",\"isPartOf\":{\"@id\":\"https:\/\/lemanegedegivet.fr\/?p=1393\"},\"author\":{\"name\":\"Luc Arden\",\"@id\":\"https:\/\/lemanegedegivet.fr\/#\/schema\/person\/c0cbf6346e2747ee289f546d1defdae5\"},\"headline\":\"Au-del\u00e0 des Nuages\",\"datePublished\":\"2024-08-23T09:00:58+00:00\",\"dateModified\":\"2025-02-11T16:54:16+00:00\",\"mainEntityOfPage\":{\"@id\":\"https:\/\/lemanegedegivet.fr\/?p=1393\"},\"wordCount\":6,\"publisher\":{\"@id\":\"https:\/\/lemanegedegivet.fr\/#organization\"},\"image\":{\"@id\":\"https:\/\/lemanegedegivet.fr\/?p=1393#primaryimage\"},\"thumbnailUrl\":\"https:\/\/lemanegedegivet.fr\/wp-content\/uploads\/au-dela-des-nuages.png\",\"articleSection\":[\"archives\"],\"inLanguage\":\"fr-FR\"},{\"@type\":\"WebPage\",\"@id\":\"https:\/\/lemanegedegivet.fr\/?p=1393\",\"url\":\"https:\/\/lemanegedegivet.fr\/?p=1393\",\"name\":\"Au-del\u00e0 des Nuages - Le Man\u00e8ge\",\"isPartOf\":{\"@id\":\"https:\/\/lemanegedegivet.fr\/#website\"},\"primaryImageOfPage\":{\"@id\":\"https:\/\/lemanegedegivet.fr\/?p=1393#primaryimage\"},\"image\":{\"@id\":\"https:\/\/lemanegedegivet.fr\/?p=1393#primaryimage\"},\"thumbnailUrl\":\"https:\/\/lemanegedegivet.fr\/wp-content\/uploads\/au-dela-des-nuages.png\",\"datePublished\":\"2024-08-23T09:00:58+00:00\",\"dateModified\":\"2025-02-11T16:54:16+00:00\",\"breadcrumb\":{\"@id\":\"https:\/\/lemanegedegivet.fr\/?p=1393#breadcrumb\"},\"inLanguage\":\"fr-FR\",\"potentialAction\":[{\"@type\":\"ReadAction\",\"target\":[\"https:\/\/lemanegedegivet.fr\/?p=1393\"]}]},{\"@type\":\"ImageObject\",\"inLanguage\":\"fr-FR\",\"@id\":\"https:\/\/lemanegedegivet.fr\/?p=1393#primaryimage\",\"url\":\"https:\/\/lemanegedegivet.fr\/wp-content\/uploads\/au-dela-des-nuages.png\",\"contentUrl\":\"https:\/\/lemanegedegivet.fr\/wp-content\/uploads\/au-dela-des-nuages.png\",\"width\":3508,\"height\":4961},{\"@type\":\"BreadcrumbList\",\"@id\":\"https:\/\/lemanegedegivet.fr\/?p=1393#breadcrumb\",\"itemListElement\":[{\"@type\":\"ListItem\",\"position\":1,\"name\":\"Accueil\",\"item\":\"https:\/\/lemanegedegivet.fr\/\"},{\"@type\":\"ListItem\",\"position\":2,\"name\":\"Au-del\u00e0 des Nuages\"}]},{\"@type\":\"WebSite\",\"@id\":\"https:\/\/lemanegedegivet.fr\/#website\",\"url\":\"https:\/\/lemanegedegivet.fr\/\",\"name\":\"Le Man\u00e8ge de Givet\",\"description\":\"\",\"publisher\":{\"@id\":\"https:\/\/lemanegedegivet.fr\/#organization\"},\"potentialAction\":[{\"@type\":\"SearchAction\",\"target\":{\"@type\":\"EntryPoint\",\"urlTemplate\":\"https:\/\/lemanegedegivet.fr\/?s={search_term_string}\"},\"query-input\":{\"@type\":\"PropertyValueSpecification\",\"valueRequired\":true,\"valueName\":\"search_term_string\"}}],\"inLanguage\":\"fr-FR\"},{\"@type\":\"Organization\",\"@id\":\"https:\/\/lemanegedegivet.fr\/#organization\",\"name\":\"Le Man\u00e8ge de Givet\",\"url\":\"https:\/\/lemanegedegivet.fr\/\",\"logo\":{\"@type\":\"ImageObject\",\"inLanguage\":\"fr-FR\",\"@id\":\"https:\/\/lemanegedegivet.fr\/#\/schema\/logo\/image\/\",\"url\":\"https:\/\/lemanegedegivet.fr\/wp-content\/uploads\/jours_1920.avif\",\"contentUrl\":\"https:\/\/lemanegedegivet.fr\/wp-content\/uploads\/jours_1920.avif\",\"width\":1920,\"height\":1280,\"caption\":\"Le Man\u00e8ge de Givet\"},\"image\":{\"@id\":\"https:\/\/lemanegedegivet.fr\/#\/schema\/logo\/image\/\"},\"sameAs\":[\"https:\/\/www.facebook.com\/people\/Cinma-Spectacles-Le-Mange-GIVET\/61551363475246\/\"]},{\"@type\":\"Person\",\"@id\":\"https:\/\/lemanegedegivet.fr\/#\/schema\/person\/c0cbf6346e2747ee289f546d1defdae5\",\"name\":\"Luc Arden\",\"url\":\"https:\/\/lemanegedegivet.fr\/?author=4\"}]}<\/script>\n<!-- \/ Yoast SEO plugin. -->","yoast_head_json":{"title":"Au-del\u00e0 des Nuages - Le Man\u00e8ge","robots":{"index":"index","follow":"follow","max-snippet":"max-snippet:-1","max-image-preview":"max-image-preview:large","max-video-preview":"max-video-preview:-1"},"canonical":"https:\/\/lemanegedegivet.fr\/?p=1393","og_locale":"fr_FR","og_type":"article","og_title":"Au-del\u00e0 des Nuages - Le Man\u00e8ge","og_description":"Un spectacle de danse \u00e0 venir voir au Man\u00e8ge de Givet, le 18 janvier \u00e0 20h30","og_url":"https:\/\/lemanegedegivet.fr\/?p=1393","og_site_name":"Le Man\u00e8ge","article_publisher":"https:\/\/www.facebook.com\/people\/Cinma-Spectacles-Le-Mange-GIVET\/61551363475246\/","article_published_time":"2024-08-23T09:00:58+00:00","article_modified_time":"2025-02-11T16:54:16+00:00","og_image":[{"width":3508,"height":4961,"url":"https:\/\/lemanegedegivet.fr\/wp-content\/uploads\/au-dela-des-nuages.png","type":"image\/png"}],"author":"Luc Arden","twitter_card":"summary_large_image","twitter_misc":{"\u00c9crit par":"Luc Arden","Dur\u00e9e de lecture estim\u00e9e":"1 minute"},"schema":{"@context":"https:\/\/schema.org","@graph":[{"@type":"Article","@id":"https:\/\/lemanegedegivet.fr\/?p=1393#article","isPartOf":{"@id":"https:\/\/lemanegedegivet.fr\/?p=1393"},"author":{"name":"Luc Arden","@id":"https:\/\/lemanegedegivet.fr\/#\/schema\/person\/c0cbf6346e2747ee289f546d1defdae5"},"headline":"Au-del\u00e0 des Nuages","datePublished":"2024-08-23T09:00:58+00:00","dateModified":"2025-02-11T16:54:16+00:00","mainEntityOfPage":{"@id":"https:\/\/lemanegedegivet.fr\/?p=1393"},"wordCount":6,"publisher":{"@id":"https:\/\/lemanegedegivet.fr\/#organization"},"image":{"@id":"https:\/\/lemanegedegivet.fr\/?p=1393#primaryimage"},"thumbnailUrl":"https:\/\/lemanegedegivet.fr\/wp-content\/uploads\/au-dela-des-nuages.png","articleSection":["archives"],"inLanguage":"fr-FR"},{"@type":"WebPage","@id":"https:\/\/lemanegedegivet.fr\/?p=1393","url":"https:\/\/lemanegedegivet.fr\/?p=1393","name":"Au-del\u00e0 des Nuages - Le Man\u00e8ge","isPartOf":{"@id":"https:\/\/lemanegedegivet.fr\/#website"},"primaryImageOfPage":{"@id":"https:\/\/lemanegedegivet.fr\/?p=1393#primaryimage"},"image":{"@id":"https:\/\/lemanegedegivet.fr\/?p=1393#primaryimage"},"thumbnailUrl":"https:\/\/lemanegedegivet.fr\/wp-content\/uploads\/au-dela-des-nuages.png","datePublished":"2024-08-23T09:00:58+00:00","dateModified":"2025-02-11T16:54:16+00:00","breadcrumb":{"@id":"https:\/\/lemanegedegivet.fr\/?p=1393#breadcrumb"},"inLanguage":"fr-FR","potentialAction":[{"@type":"ReadAction","target":["https:\/\/lemanegedegivet.fr\/?p=1393"]}]},{"@type":"ImageObject","inLanguage":"fr-FR","@id":"https:\/\/lemanegedegivet.fr\/?p=1393#primaryimage","url":"https:\/\/lemanegedegivet.fr\/wp-content\/uploads\/au-dela-des-nuages.png","contentUrl":"https:\/\/lemanegedegivet.fr\/wp-content\/uploads\/au-dela-des-nuages.png","width":3508,"height":4961},{"@type":"BreadcrumbList","@id":"https:\/\/lemanegedegivet.fr\/?p=1393#breadcrumb","itemListElement":[{"@type":"ListItem","position":1,"name":"Accueil","item":"https:\/\/lemanegedegivet.fr\/"},{"@type":"ListItem","position":2,"name":"Au-del\u00e0 des Nuages"}]},{"@type":"WebSite","@id":"https:\/\/lemanegedegivet.fr\/#website","url":"https:\/\/lemanegedegivet.fr\/","name":"Le Man\u00e8ge de Givet","description":"","publisher":{"@id":"https:\/\/lemanegedegivet.fr\/#organization"},"potentialAction":[{"@type":"SearchAction","target":{"@type":"EntryPoint","urlTemplate":"https:\/\/lemanegedegivet.fr\/?s={search_term_string}"},"query-input":{"@type":"PropertyValueSpecification","valueRequired":true,"valueName":"search_term_string"}}],"inLanguage":"fr-FR"},{"@type":"Organization","@id":"https:\/\/lemanegedegivet.fr\/#organization","name":"Le Man\u00e8ge de Givet","url":"https:\/\/lemanegedegivet.fr\/","logo":{"@type":"ImageObject","inLanguage":"fr-FR","@id":"https:\/\/lemanegedegivet.fr\/#\/schema\/logo\/image\/","url":"https:\/\/lemanegedegivet.fr\/wp-content\/uploads\/jours_1920.avif","contentUrl":"https:\/\/lemanegedegivet.fr\/wp-content\/uploads\/jours_1920.avif","width":1920,"height":1280,"caption":"Le Man\u00e8ge de Givet"},"image":{"@id":"https:\/\/lemanegedegivet.fr\/#\/schema\/logo\/image\/"},"sameAs":["https:\/\/www.facebook.com\/people\/Cinma-Spectacles-Le-Mange-GIVET\/61551363475246\/"]},{"@type":"Person","@id":"https:\/\/lemanegedegivet.fr\/#\/schema\/person\/c0cbf6346e2747ee289f546d1defdae5","name":"Luc Arden","url":"https:\/\/lemanegedegivet.fr\/?author=4"}]}},"uagb_featured_image_src":{"full":["https:\/\/lemanegedegivet.fr\/wp-content\/uploads\/au-dela-des-nuages.png",3508,4961,false],"thumbnail":["https:\/\/lemanegedegivet.fr\/wp-content\/uploads\/au-dela-des-nuages-150x150.png",150,150,true],"medium":["https:\/\/lemanegedegivet.fr\/wp-content\/uploads\/au-dela-des-nuages-212x300.png",212,300,true],"medium_large":["https:\/\/lemanegedegivet.fr\/wp-content\/uploads\/au-dela-des-nuages-768x1086.png",768,1086,true],"large":["https:\/\/lemanegedegivet.fr\/wp-content\/uploads\/au-dela-des-nuages-724x1024.png",724,1024,true],"1536x1536":["https:\/\/lemanegedegivet.fr\/wp-content\/uploads\/au-dela-des-nuages-1086x1536.png",1086,1536,true],"2048x2048":["https:\/\/lemanegedegivet.fr\/wp-content\/uploads\/au-dela-des-nuages-1448x2048.png",1448,2048,true],"depicter-thumbnail":["https:\/\/lemanegedegivet.fr\/wp-content\/uploads\/au-dela-des-nuages-200x283.png",200,283,true]},"uagb_author_info":{"display_name":"Luc Arden","author_link":"https:\/\/lemanegedegivet.fr\/?author=4"},"uagb_comment_info":0,"uagb_excerpt":"Un spectacle de danse \u00e0 venir voir au Man\u00e8ge de Givet, le 18 janvier \u00e0 20h30","publishpress_future_action":{"enabled":false,"date":"2026-05-07 09:35:49","action":"change-status","newStatus":"draft","terms":[],"taxonomy":"category","extraData":[]},"publishpress_future_workflow_manual_trigger":{"enabledWorkflows":[]},"_links":{"self":[{"href":"https:\/\/lemanegedegivet.fr\/index.php?rest_route=\/wp\/v2\/posts\/1393","targetHints":{"allow":["GET"]}}],"collection":[{"href":"https:\/\/lemanegedegivet.fr\/index.php?rest_route=\/wp\/v2\/posts"}],"about":[{"href":"https:\/\/lemanegedegivet.fr\/index.php?rest_route=\/wp\/v2\/types\/post"}],"author":[{"embeddable":true,"href":"https:\/\/lemanegedegivet.fr\/index.php?rest_route=\/wp\/v2\/users\/4"}],"replies":[{"embeddable":true,"href":"https:\/\/lemanegedegivet.fr\/index.php?rest_route=%2Fwp%2Fv2%2Fcomments&post=1393"}],"version-history":[{"count":6,"href":"https:\/\/lemanegedegivet.fr\/index.php?rest_route=\/wp\/v2\/posts\/1393\/revisions"}],"predecessor-version":[{"id":2117,"href":"https:\/\/lemanegedegivet.fr\/index.php?rest_route=\/wp\/v2\/posts\/1393\/revisions\/2117"}],"wp:featuredmedia":[{"embeddable":true,"href":"https:\/\/lemanegedegivet.fr\/index.php?rest_route=\/wp\/v2\/media\/2111"}],"wp:attachment":[{"href":"https:\/\/lemanegedegivet.fr\/index.php?rest_route=%2Fwp%2Fv2%2Fmedia&parent=1393"}],"wp:term":[{"taxonomy":"category","embeddable":true,"href":"https:\/\/lemanegedegivet.fr\/index.php?rest_route=%2Fwp%2Fv2%2Fcategories&post=1393"},{"taxonomy":"post_tag","embeddable":true,"href":"https:\/\/lemanegedegivet.fr\/index.php?rest_route=%2Fwp%2Fv2%2Ftags&post=1393"}],"curies":[{"name":"wp","href":"https:\/\/api.w.org\/{rel}","templated":true}]}}