{"id":1397,"date":"2024-08-21T21:30:27","date_gmt":"2024-08-21T19:30:27","guid":{"rendered":"https:\/\/lemanegedegivet.fr\/?p=1397"},"modified":"2025-03-25T17:18:50","modified_gmt":"2025-03-25T16:18:50","slug":"que-font-vraiment-nos-politiques","status":"publish","type":"post","link":"https:\/\/lemanegedegivet.fr\/?p=1397","title":{"rendered":"Les Hommes politiques, des Fain\u00e9ants ?"},"content":{"rendered":"\n<div class=\"wp-block-uagb-container uagb-block-edfa65fa alignfull uagb-is-root-container\"><div class=\"uagb-container-inner-blocks-wrap\">\n<div class=\"wp-block-columns is-layout-flex wp-container-core-columns-is-layout-28f84493 wp-block-columns-is-layout-flex\">\n<div class=\"wp-block-column is-layout-flow wp-block-column-is-layout-flow\" style=\"padding-right:var(--wp--preset--spacing--10);padding-left:var(--wp--preset--spacing--10);flex-basis:33.33%\">\n<div style=\"height:30px\" aria-hidden=\"true\" class=\"wp-block-spacer\"><\/div>\n\n\n\n<h2 class=\"wp-block-heading has-text-align-center\" style=\"text-transform:none\">Jeudi 3 avril 2025<\/h2>\n\n\n\n<h3 class=\"wp-block-heading has-text-align-center has-body-font-family\"><strong>20h30<\/strong><\/h3>\n\n\n<figure class=\"wp-block-post-featured-image\"><img loading=\"lazy\" decoding=\"async\" width=\"842\" height=\"1191\" src=\"https:\/\/lemanegedegivet.fr\/wp-content\/uploads\/soiree-civique.jpg\" class=\"attachment-post-thumbnail size-post-thumbnail wp-post-image\" alt=\"\" style=\"object-fit:cover;\" srcset=\"https:\/\/lemanegedegivet.fr\/wp-content\/uploads\/soiree-civique.jpg 842w, https:\/\/lemanegedegivet.fr\/wp-content\/uploads\/soiree-civique-212x300.jpg 212w, https:\/\/lemanegedegivet.fr\/wp-content\/uploads\/soiree-civique-724x1024.jpg 724w, https:\/\/lemanegedegivet.fr\/wp-content\/uploads\/soiree-civique-768x1086.jpg 768w, https:\/\/lemanegedegivet.fr\/wp-content\/uploads\/soiree-civique-200x283.jpg 200w\" sizes=\"auto, (max-width: 842px) 100vw, 842px\" \/><\/figure><\/div>\n\n\n\n<div class=\"wp-block-column has-global-padding is-layout-constrained wp-block-column-is-layout-constrained\" style=\"flex-basis:66.66%\">\n<div class=\"wp-block-uagb-container uagb-block-362ad794\"><h2 style=\"font-style:normal;font-weight:300;text-transform:capitalize; padding-right:0;padding-left:0;padding-top:0;padding-bottom:0;\" class=\"has-text-align-center has-link-color wp-elements-87eac9adf474852cd1a01ca5dddfdcea wp-block-post-title has-text-color has-accent-3-color has-montserrat-font-family\">Les Hommes politiques, des Fain\u00e9ants ?<\/h2>\n\n\n<figure class=\"wp-block-gallery has-nested-images columns-default is-cropped wp-block-gallery-1 is-layout-flex wp-block-gallery-is-layout-flex\"><\/figure>\n\n\n\n<pre class=\"wp-block-preformatted has-montserrat-font-family has-medium-font-size\"><strong>SOIR\u00c9E CIVIQUE <\/strong><br>Un Maire, un D\u00e9put\u00e9 et deux S\u00e9nateurs seront r\u00e9unis sur sc\u00e8ne afin de parler de leur quotidien, de leur vie d'\u00e9lu, de leur travail. Car derri\u00e8re une image parfois tronqu\u00e9e ou biais\u00e9e, il y a souvent un v\u00e9ritable sacerdoce.<br>Cette conf\u00e9rence d'un genre nouveau sera suivie d'\u00e9changes avec le public et se conclura sur un moment de convivialit\u00e9 autour d'une tarte et d'une brioche, ardennaises bien s\u00fbr. <br>Soir\u00e9e d'information, mais aussi d'\u00e9changes informels, bref, une vraie soir\u00e9e d'utilit\u00e9 publique !<br><br><mark style=\"background-color:rgba(0, 0, 0, 0);color:#0011d2\" class=\"has-inline-color\"><strong>DUR\u00c9E : 90 minutes<\/strong><br><\/mark><br><strong>PARTICIPANTS<\/strong> <br>Madame Else JOSEPH, S\u00e9natrice des Ardennes<br>Madame Elisabeth BONILLO, Maire des Mazures<br>Monsieur Pierre CORDIER, D\u00e9put\u00e9 des Ardennes<br>Monsieur Marc LAMENIE, S\u00e9nateur des Ardennes<br><br><br><br><strong>NOTE D\u2019INTENTION<\/strong><br>J'ai fait un constat, comme beaucoup d'entre nous sans doute, celui de notre d\u00e9sint\u00e9r\u00eat de la chose publique, de la chose politique, mais aussi celui de notre m\u00e9connaissance, parfois, des institutions et de leur fonctionnement. <br>M'est alors venue \u00e0 l'esprit une id\u00e9e saugrenue, audacieuse, un peu folle peut-\u00eatre, originale sans doute, de r\u00e9unir sur sc\u00e8ne des femmes et hommes politiques que nous croyons conna\u00eetre et que nous jugeons souvent, sans finalement, les conna\u00eetre vraiment...<br>Au-del\u00e0 des clich\u00e9s, que font-ils exactement ? \u00c0 quoi servent-ils ?<br><br>\u00c9videmment, pour que cette conf\u00e9rence soit v\u00e9ritablement instructive et de qualit\u00e9, il m'a fallu respecter la parit\u00e9 et les sensibilit\u00e9s.<br>\u00c9videmment, pour que cette conf\u00e9rence soit constructive, il m'a fallu d\u00e9limiter un cadre : ne pas faire d'auto promotion.<br>Quatre figures politiques ardennaises ont accept\u00e9 de relever le d\u00e9fi, et je les en remercie. <br>Luc Arden<br><br>\ud835\udc45\ud835\udc52\u0301\ud835\udc60\ud835\udc52\ud835\udc5f\ud835\udc63\ud835\udc4e\ud835\udc61\ud835\udc56\ud835\udc5c\ud835\udc5b \ud835\udc60\ud835\udc62\ud835\udc5f \ud835\udc5d\ud835\udc59\ud835\udc4e\ud835\udc50\ud835\udc52 \ud835\udc5c\ud835\udc62 \ud835\udc5d\ud835\udc4e\ud835\udc5f \ud835\udc61\ud835\udc52\u0301\ud835\udc59\ud835\udc52\u0301\ud835\udc5d\u210e\ud835\udc5c\ud835\udc5b\ud835\udc52 \ud835\udc4e\ud835\udc62 \ud835\udfce\ud835\udfd7 \ud835\udfd5\ud835\udfcf \ud835\udfd3\ud835\udfd6 \ud835\udfd3\ud835\udfd7 \ud835\udfd2\ud835\udfd5<br>\ud835\udc47\ud835\udc4e\ud835\udc5f\ud835\udc56\ud835\udc53\ud835\udc60 :<br>\ud835\udc43\ud835\udc59\ud835\udc52\ud835\udc56\ud835\udc5b : 10\u20ac       \ud835\udc45\ud835\udc52\u0301\ud835\udc51\ud835\udc62\ud835\udc56\ud835\udc61 : 5\u20ac       -14 \ud835\udc4e\ud835\udc5b\ud835\udc60 : \ud835\udc54\ud835\udc5f\ud835\udc4e\ud835\udc61\ud835\udc62\ud835\udc56\ud835\udc61<\/pre>\n<\/div>\n<\/div>\n<\/div>\n<\/div><\/div>\n","protected":false},"excerpt":{"rendered":"<p>Soir\u00e9e d\u00e9bat \u00e0 venir voir au Man\u00e8ge de Givet, le 03 avril 2025 \u00e0 20h30<\/p>\n","protected":false},"author":4,"featured_media":2329,"comment_status":"closed","ping_status":"closed","sticky":true,"template":"spectacles","format":"standard","meta":{"inline_featured_image":false,"_uag_custom_page_level_css":"","footnotes":""},"categories":[103],"tags":[],"class_list":["post-1397","post","type-post","status-publish","format-standard","has-post-thumbnail","hentry","category-archives"],"yoast_head":"<!-- This site is optimized with the Yoast SEO plugin v25.8 - https:\/\/yoast.com\/wordpress\/plugins\/seo\/ -->\n<title>Les Hommes politiques, des Fain\u00e9ants ? - Le Man\u00e8ge<\/title>\n<meta name=\"robots\" content=\"index, follow, max-snippet:-1, max-image-preview:large, max-video-preview:-1\" \/>\n<link rel=\"canonical\" href=\"https:\/\/lemanegedegivet.fr\/?p=1397\" \/>\n<meta property=\"og:locale\" content=\"fr_FR\" \/>\n<meta property=\"og:type\" content=\"article\" \/>\n<meta property=\"og:title\" content=\"Les Hommes politiques, des Fain\u00e9ants ? - Le Man\u00e8ge\" \/>\n<meta property=\"og:description\" content=\"Soir\u00e9e d\u00e9bat \u00e0 venir voir au Man\u00e8ge de Givet, le 03 avril 2025 \u00e0 20h30\" \/>\n<meta property=\"og:url\" content=\"https:\/\/lemanegedegivet.fr\/?p=1397\" \/>\n<meta property=\"og:site_name\" content=\"Le Man\u00e8ge\" \/>\n<meta property=\"article:publisher\" content=\"https:\/\/www.facebook.com\/people\/Cinma-Spectacles-Le-Mange-GIVET\/61551363475246\/\" \/>\n<meta property=\"article:published_time\" content=\"2024-08-21T19:30:27+00:00\" \/>\n<meta property=\"article:modified_time\" content=\"2025-03-25T16:18:50+00:00\" \/>\n<meta property=\"og:image\" content=\"https:\/\/lemanegedegivet.fr\/wp-content\/uploads\/soiree-civique.jpg\" \/>\n\t<meta property=\"og:image:width\" content=\"842\" \/>\n\t<meta property=\"og:image:height\" content=\"1191\" \/>\n\t<meta property=\"og:image:type\" content=\"image\/jpeg\" \/>\n<meta name=\"author\" content=\"Luc Arden\" \/>\n<meta name=\"twitter:card\" content=\"summary_large_image\" \/>\n<meta name=\"twitter:label1\" content=\"\u00c9crit par\" \/>\n\t<meta name=\"twitter:data1\" content=\"Luc Arden\" \/>\n\t<meta name=\"twitter:label2\" content=\"Dur\u00e9e de lecture estim\u00e9e\" \/>\n\t<meta name=\"twitter:data2\" content=\"1 minute\" \/>\n<script type=\"application\/ld+json\" class=\"yoast-schema-graph\">{\"@context\":\"https:\/\/schema.org\",\"@graph\":[{\"@type\":\"Article\",\"@id\":\"https:\/\/lemanegedegivet.fr\/?p=1397#article\",\"isPartOf\":{\"@id\":\"https:\/\/lemanegedegivet.fr\/?p=1397\"},\"author\":{\"name\":\"Luc Arden\",\"@id\":\"https:\/\/lemanegedegivet.fr\/#\/schema\/person\/c0cbf6346e2747ee289f546d1defdae5\"},\"headline\":\"Les Hommes politiques, des Fain\u00e9ants ?\",\"datePublished\":\"2024-08-21T19:30:27+00:00\",\"dateModified\":\"2025-03-25T16:18:50+00:00\",\"mainEntityOfPage\":{\"@id\":\"https:\/\/lemanegedegivet.fr\/?p=1397\"},\"wordCount\":9,\"publisher\":{\"@id\":\"https:\/\/lemanegedegivet.fr\/#organization\"},\"image\":{\"@id\":\"https:\/\/lemanegedegivet.fr\/?p=1397#primaryimage\"},\"thumbnailUrl\":\"https:\/\/lemanegedegivet.fr\/wp-content\/uploads\/soiree-civique.jpg\",\"articleSection\":[\"archives\"],\"inLanguage\":\"fr-FR\"},{\"@type\":\"WebPage\",\"@id\":\"https:\/\/lemanegedegivet.fr\/?p=1397\",\"url\":\"https:\/\/lemanegedegivet.fr\/?p=1397\",\"name\":\"Les Hommes politiques, des Fain\u00e9ants ? - Le Man\u00e8ge\",\"isPartOf\":{\"@id\":\"https:\/\/lemanegedegivet.fr\/#website\"},\"primaryImageOfPage\":{\"@id\":\"https:\/\/lemanegedegivet.fr\/?p=1397#primaryimage\"},\"image\":{\"@id\":\"https:\/\/lemanegedegivet.fr\/?p=1397#primaryimage\"},\"thumbnailUrl\":\"https:\/\/lemanegedegivet.fr\/wp-content\/uploads\/soiree-civique.jpg\",\"datePublished\":\"2024-08-21T19:30:27+00:00\",\"dateModified\":\"2025-03-25T16:18:50+00:00\",\"breadcrumb\":{\"@id\":\"https:\/\/lemanegedegivet.fr\/?p=1397#breadcrumb\"},\"inLanguage\":\"fr-FR\",\"potentialAction\":[{\"@type\":\"ReadAction\",\"target\":[\"https:\/\/lemanegedegivet.fr\/?p=1397\"]}]},{\"@type\":\"ImageObject\",\"inLanguage\":\"fr-FR\",\"@id\":\"https:\/\/lemanegedegivet.fr\/?p=1397#primaryimage\",\"url\":\"https:\/\/lemanegedegivet.fr\/wp-content\/uploads\/soiree-civique.jpg\",\"contentUrl\":\"https:\/\/lemanegedegivet.fr\/wp-content\/uploads\/soiree-civique.jpg\",\"width\":842,\"height\":1191},{\"@type\":\"BreadcrumbList\",\"@id\":\"https:\/\/lemanegedegivet.fr\/?p=1397#breadcrumb\",\"itemListElement\":[{\"@type\":\"ListItem\",\"position\":1,\"name\":\"Accueil\",\"item\":\"https:\/\/lemanegedegivet.fr\/\"},{\"@type\":\"ListItem\",\"position\":2,\"name\":\"Les Hommes politiques, des Fain\u00e9ants ?\"}]},{\"@type\":\"WebSite\",\"@id\":\"https:\/\/lemanegedegivet.fr\/#website\",\"url\":\"https:\/\/lemanegedegivet.fr\/\",\"name\":\"Le Man\u00e8ge de Givet\",\"description\":\"\",\"publisher\":{\"@id\":\"https:\/\/lemanegedegivet.fr\/#organization\"},\"potentialAction\":[{\"@type\":\"SearchAction\",\"target\":{\"@type\":\"EntryPoint\",\"urlTemplate\":\"https:\/\/lemanegedegivet.fr\/?s={search_term_string}\"},\"query-input\":{\"@type\":\"PropertyValueSpecification\",\"valueRequired\":true,\"valueName\":\"search_term_string\"}}],\"inLanguage\":\"fr-FR\"},{\"@type\":\"Organization\",\"@id\":\"https:\/\/lemanegedegivet.fr\/#organization\",\"name\":\"Le Man\u00e8ge de Givet\",\"url\":\"https:\/\/lemanegedegivet.fr\/\",\"logo\":{\"@type\":\"ImageObject\",\"inLanguage\":\"fr-FR\",\"@id\":\"https:\/\/lemanegedegivet.fr\/#\/schema\/logo\/image\/\",\"url\":\"https:\/\/lemanegedegivet.fr\/wp-content\/uploads\/jours_1920.avif\",\"contentUrl\":\"https:\/\/lemanegedegivet.fr\/wp-content\/uploads\/jours_1920.avif\",\"width\":1920,\"height\":1280,\"caption\":\"Le Man\u00e8ge de Givet\"},\"image\":{\"@id\":\"https:\/\/lemanegedegivet.fr\/#\/schema\/logo\/image\/\"},\"sameAs\":[\"https:\/\/www.facebook.com\/people\/Cinma-Spectacles-Le-Mange-GIVET\/61551363475246\/\"]},{\"@type\":\"Person\",\"@id\":\"https:\/\/lemanegedegivet.fr\/#\/schema\/person\/c0cbf6346e2747ee289f546d1defdae5\",\"name\":\"Luc Arden\",\"url\":\"https:\/\/lemanegedegivet.fr\/?author=4\"}]}<\/script>\n<!-- \/ Yoast SEO plugin. -->","yoast_head_json":{"title":"Les Hommes politiques, des Fain\u00e9ants ? - Le Man\u00e8ge","robots":{"index":"index","follow":"follow","max-snippet":"max-snippet:-1","max-image-preview":"max-image-preview:large","max-video-preview":"max-video-preview:-1"},"canonical":"https:\/\/lemanegedegivet.fr\/?p=1397","og_locale":"fr_FR","og_type":"article","og_title":"Les Hommes politiques, des Fain\u00e9ants ? - Le Man\u00e8ge","og_description":"Soir\u00e9e d\u00e9bat \u00e0 venir voir au Man\u00e8ge de Givet, le 03 avril 2025 \u00e0 20h30","og_url":"https:\/\/lemanegedegivet.fr\/?p=1397","og_site_name":"Le Man\u00e8ge","article_publisher":"https:\/\/www.facebook.com\/people\/Cinma-Spectacles-Le-Mange-GIVET\/61551363475246\/","article_published_time":"2024-08-21T19:30:27+00:00","article_modified_time":"2025-03-25T16:18:50+00:00","og_image":[{"width":842,"height":1191,"url":"https:\/\/lemanegedegivet.fr\/wp-content\/uploads\/soiree-civique.jpg","type":"image\/jpeg"}],"author":"Luc Arden","twitter_card":"summary_large_image","twitter_misc":{"\u00c9crit par":"Luc Arden","Dur\u00e9e de lecture estim\u00e9e":"1 minute"},"schema":{"@context":"https:\/\/schema.org","@graph":[{"@type":"Article","@id":"https:\/\/lemanegedegivet.fr\/?p=1397#article","isPartOf":{"@id":"https:\/\/lemanegedegivet.fr\/?p=1397"},"author":{"name":"Luc Arden","@id":"https:\/\/lemanegedegivet.fr\/#\/schema\/person\/c0cbf6346e2747ee289f546d1defdae5"},"headline":"Les Hommes politiques, des Fain\u00e9ants ?","datePublished":"2024-08-21T19:30:27+00:00","dateModified":"2025-03-25T16:18:50+00:00","mainEntityOfPage":{"@id":"https:\/\/lemanegedegivet.fr\/?p=1397"},"wordCount":9,"publisher":{"@id":"https:\/\/lemanegedegivet.fr\/#organization"},"image":{"@id":"https:\/\/lemanegedegivet.fr\/?p=1397#primaryimage"},"thumbnailUrl":"https:\/\/lemanegedegivet.fr\/wp-content\/uploads\/soiree-civique.jpg","articleSection":["archives"],"inLanguage":"fr-FR"},{"@type":"WebPage","@id":"https:\/\/lemanegedegivet.fr\/?p=1397","url":"https:\/\/lemanegedegivet.fr\/?p=1397","name":"Les Hommes politiques, des Fain\u00e9ants ? - Le Man\u00e8ge","isPartOf":{"@id":"https:\/\/lemanegedegivet.fr\/#website"},"primaryImageOfPage":{"@id":"https:\/\/lemanegedegivet.fr\/?p=1397#primaryimage"},"image":{"@id":"https:\/\/lemanegedegivet.fr\/?p=1397#primaryimage"},"thumbnailUrl":"https:\/\/lemanegedegivet.fr\/wp-content\/uploads\/soiree-civique.jpg","datePublished":"2024-08-21T19:30:27+00:00","dateModified":"2025-03-25T16:18:50+00:00","breadcrumb":{"@id":"https:\/\/lemanegedegivet.fr\/?p=1397#breadcrumb"},"inLanguage":"fr-FR","potentialAction":[{"@type":"ReadAction","target":["https:\/\/lemanegedegivet.fr\/?p=1397"]}]},{"@type":"ImageObject","inLanguage":"fr-FR","@id":"https:\/\/lemanegedegivet.fr\/?p=1397#primaryimage","url":"https:\/\/lemanegedegivet.fr\/wp-content\/uploads\/soiree-civique.jpg","contentUrl":"https:\/\/lemanegedegivet.fr\/wp-content\/uploads\/soiree-civique.jpg","width":842,"height":1191},{"@type":"BreadcrumbList","@id":"https:\/\/lemanegedegivet.fr\/?p=1397#breadcrumb","itemListElement":[{"@type":"ListItem","position":1,"name":"Accueil","item":"https:\/\/lemanegedegivet.fr\/"},{"@type":"ListItem","position":2,"name":"Les Hommes politiques, des Fain\u00e9ants ?"}]},{"@type":"WebSite","@id":"https:\/\/lemanegedegivet.fr\/#website","url":"https:\/\/lemanegedegivet.fr\/","name":"Le Man\u00e8ge de Givet","description":"","publisher":{"@id":"https:\/\/lemanegedegivet.fr\/#organization"},"potentialAction":[{"@type":"SearchAction","target":{"@type":"EntryPoint","urlTemplate":"https:\/\/lemanegedegivet.fr\/?s={search_term_string}"},"query-input":{"@type":"PropertyValueSpecification","valueRequired":true,"valueName":"search_term_string"}}],"inLanguage":"fr-FR"},{"@type":"Organization","@id":"https:\/\/lemanegedegivet.fr\/#organization","name":"Le Man\u00e8ge de Givet","url":"https:\/\/lemanegedegivet.fr\/","logo":{"@type":"ImageObject","inLanguage":"fr-FR","@id":"https:\/\/lemanegedegivet.fr\/#\/schema\/logo\/image\/","url":"https:\/\/lemanegedegivet.fr\/wp-content\/uploads\/jours_1920.avif","contentUrl":"https:\/\/lemanegedegivet.fr\/wp-content\/uploads\/jours_1920.avif","width":1920,"height":1280,"caption":"Le Man\u00e8ge de Givet"},"image":{"@id":"https:\/\/lemanegedegivet.fr\/#\/schema\/logo\/image\/"},"sameAs":["https:\/\/www.facebook.com\/people\/Cinma-Spectacles-Le-Mange-GIVET\/61551363475246\/"]},{"@type":"Person","@id":"https:\/\/lemanegedegivet.fr\/#\/schema\/person\/c0cbf6346e2747ee289f546d1defdae5","name":"Luc Arden","url":"https:\/\/lemanegedegivet.fr\/?author=4"}]}},"uagb_featured_image_src":{"full":["https:\/\/lemanegedegivet.fr\/wp-content\/uploads\/soiree-civique.jpg",842,1191,false],"thumbnail":["https:\/\/lemanegedegivet.fr\/wp-content\/uploads\/soiree-civique-150x150.jpg",150,150,true],"medium":["https:\/\/lemanegedegivet.fr\/wp-content\/uploads\/soiree-civique-212x300.jpg",212,300,true],"medium_large":["https:\/\/lemanegedegivet.fr\/wp-content\/uploads\/soiree-civique-768x1086.jpg",768,1086,true],"large":["https:\/\/lemanegedegivet.fr\/wp-content\/uploads\/soiree-civique-724x1024.jpg",724,1024,true],"1536x1536":["https:\/\/lemanegedegivet.fr\/wp-content\/uploads\/soiree-civique.jpg",842,1191,false],"2048x2048":["https:\/\/lemanegedegivet.fr\/wp-content\/uploads\/soiree-civique.jpg",842,1191,false],"depicter-thumbnail":["https:\/\/lemanegedegivet.fr\/wp-content\/uploads\/soiree-civique-200x283.jpg",200,283,true]},"uagb_author_info":{"display_name":"Luc Arden","author_link":"https:\/\/lemanegedegivet.fr\/?author=4"},"uagb_comment_info":0,"uagb_excerpt":"Soir\u00e9e d\u00e9bat \u00e0 venir voir au Man\u00e8ge de Givet, le 03 avril 2025 \u00e0 20h30","publishpress_future_action":{"enabled":false,"date":"2026-05-09 10:42:03","action":"change-status","newStatus":"draft","terms":[],"taxonomy":"category","extraData":[]},"publishpress_future_workflow_manual_trigger":{"enabledWorkflows":[]},"_links":{"self":[{"href":"https:\/\/lemanegedegivet.fr\/index.php?rest_route=\/wp\/v2\/posts\/1397","targetHints":{"allow":["GET"]}}],"collection":[{"href":"https:\/\/lemanegedegivet.fr\/index.php?rest_route=\/wp\/v2\/posts"}],"about":[{"href":"https:\/\/lemanegedegivet.fr\/index.php?rest_route=\/wp\/v2\/types\/post"}],"author":[{"embeddable":true,"href":"https:\/\/lemanegedegivet.fr\/index.php?rest_route=\/wp\/v2\/users\/4"}],"replies":[{"embeddable":true,"href":"https:\/\/lemanegedegivet.fr\/index.php?rest_route=%2Fwp%2Fv2%2Fcomments&post=1397"}],"version-history":[{"count":12,"href":"https:\/\/lemanegedegivet.fr\/index.php?rest_route=\/wp\/v2\/posts\/1397\/revisions"}],"predecessor-version":[{"id":1790,"href":"https:\/\/lemanegedegivet.fr\/index.php?rest_route=\/wp\/v2\/posts\/1397\/revisions\/1790"}],"wp:featuredmedia":[{"embeddable":true,"href":"https:\/\/lemanegedegivet.fr\/index.php?rest_route=\/wp\/v2\/media\/2329"}],"wp:attachment":[{"href":"https:\/\/lemanegedegivet.fr\/index.php?rest_route=%2Fwp%2Fv2%2Fmedia&parent=1397"}],"wp:term":[{"taxonomy":"category","embeddable":true,"href":"https:\/\/lemanegedegivet.fr\/index.php?rest_route=%2Fwp%2Fv2%2Fcategories&post=1397"},{"taxonomy":"post_tag","embeddable":true,"href":"https:\/\/lemanegedegivet.fr\/index.php?rest_route=%2Fwp%2Fv2%2Ftags&post=1397"}],"curies":[{"name":"wp","href":"https:\/\/api.w.org\/{rel}","templated":true}]}}