{"id":1410,"date":"2024-08-27T17:59:17","date_gmt":"2024-08-27T15:59:17","guid":{"rendered":"https:\/\/lemanegedegivet.fr\/?p=1410"},"modified":"2025-08-15T15:17:56","modified_gmt":"2025-08-15T13:17:56","slug":"johnny-vous-et-moi","status":"publish","type":"post","link":"https:\/\/lemanegedegivet.fr\/?p=1410","title":{"rendered":"Johnny, Vous et Moi"},"content":{"rendered":"\n<div class=\"wp-block-uagb-container uagb-block-edfa65fa alignfull uagb-is-root-container\"><div class=\"uagb-container-inner-blocks-wrap\">\n<div class=\"wp-block-columns is-layout-flex wp-container-core-columns-is-layout-28f84493 wp-block-columns-is-layout-flex\">\n<div class=\"wp-block-column is-layout-flow wp-block-column-is-layout-flow\" style=\"padding-right:var(--wp--preset--spacing--10);padding-left:var(--wp--preset--spacing--10);flex-basis:33.33%\">\n<div style=\"height:30px\" aria-hidden=\"true\" class=\"wp-block-spacer\"><\/div>\n\n\n\n<h2 class=\"wp-block-heading has-text-align-center\" style=\"text-transform:none\">Samedi 5 octobre 2024<\/h2>\n\n\n\n<h3 class=\"wp-block-heading has-text-align-center has-body-font-family\"><strong>20h30<\/strong><\/h3>\n\n\n<figure class=\"wp-block-post-featured-image\"><img loading=\"lazy\" decoding=\"async\" width=\"1810\" height=\"2560\" src=\"https:\/\/lemanegedegivet.fr\/wp-content\/uploads\/guegan_Plan-de-travail-1-1-scaled.png\" class=\"attachment-post-thumbnail size-post-thumbnail wp-post-image\" alt=\"\" style=\"object-fit:cover;\" srcset=\"https:\/\/lemanegedegivet.fr\/wp-content\/uploads\/guegan_Plan-de-travail-1-1-scaled.png 1810w, https:\/\/lemanegedegivet.fr\/wp-content\/uploads\/guegan_Plan-de-travail-1-1-212x300.png 212w, https:\/\/lemanegedegivet.fr\/wp-content\/uploads\/guegan_Plan-de-travail-1-1-724x1024.png 724w, https:\/\/lemanegedegivet.fr\/wp-content\/uploads\/guegan_Plan-de-travail-1-1-768x1086.png 768w, https:\/\/lemanegedegivet.fr\/wp-content\/uploads\/guegan_Plan-de-travail-1-1-1086x1536.png 1086w, https:\/\/lemanegedegivet.fr\/wp-content\/uploads\/guegan_Plan-de-travail-1-1-1448x2048.png 1448w, https:\/\/lemanegedegivet.fr\/wp-content\/uploads\/guegan_Plan-de-travail-1-1-200x283.png 200w\" sizes=\"auto, (max-width: 1810px) 100vw, 1810px\" \/><\/figure><\/div>\n\n\n\n<div class=\"wp-block-column has-global-padding is-layout-constrained wp-block-column-is-layout-constrained\" style=\"flex-basis:66.66%\">\n<div class=\"wp-block-uagb-container uagb-block-362ad794\"><h2 style=\"font-style:normal;font-weight:300;text-transform:capitalize; padding-right:0;padding-left:0;padding-top:0;padding-bottom:0;\" class=\"has-text-align-center has-link-color wp-elements-87eac9adf474852cd1a01ca5dddfdcea wp-block-post-title has-text-color has-accent-3-color has-montserrat-font-family\">Johnny, Vous et Moi<\/h2>\n\n\n<figure class=\"wp-block-gallery has-nested-images columns-default is-cropped wp-block-gallery-1 is-layout-flex wp-block-gallery-is-layout-flex\">\n<figure class=\"wp-block-image size-large\"><img loading=\"lazy\" decoding=\"async\" width=\"699\" height=\"1024\" data-id=\"1412\" src=\"https:\/\/lemanegedegivet.fr\/wp-content\/uploads\/5366234-exclusif-jean-baptiste-guegan-jean-b-1200x0-2-699x1024.webp\" alt=\"\" class=\"wp-image-1412\" srcset=\"https:\/\/lemanegedegivet.fr\/wp-content\/uploads\/5366234-exclusif-jean-baptiste-guegan-jean-b-1200x0-2-699x1024.webp 699w, https:\/\/lemanegedegivet.fr\/wp-content\/uploads\/5366234-exclusif-jean-baptiste-guegan-jean-b-1200x0-2-205x300.webp 205w, https:\/\/lemanegedegivet.fr\/wp-content\/uploads\/5366234-exclusif-jean-baptiste-guegan-jean-b-1200x0-2-768x1126.webp 768w, https:\/\/lemanegedegivet.fr\/wp-content\/uploads\/5366234-exclusif-jean-baptiste-guegan-jean-b-1200x0-2-1048x1536.webp 1048w, https:\/\/lemanegedegivet.fr\/wp-content\/uploads\/5366234-exclusif-jean-baptiste-guegan-jean-b-1200x0-2-200x293.webp 200w, https:\/\/lemanegedegivet.fr\/wp-content\/uploads\/5366234-exclusif-jean-baptiste-guegan-jean-b-1200x0-2.webp 1200w\" sizes=\"auto, (max-width: 699px) 100vw, 699px\" \/><\/figure>\n\n\n\n<figure class=\"wp-block-image size-large\"><img loading=\"lazy\" decoding=\"async\" width=\"854\" height=\"641\" data-id=\"1413\" src=\"https:\/\/lemanegedegivet.fr\/wp-content\/uploads\/Jean_Baptiste_Guegan_Page_Musique_Trackmusik.jpg\" alt=\"\" class=\"wp-image-1413\" srcset=\"https:\/\/lemanegedegivet.fr\/wp-content\/uploads\/Jean_Baptiste_Guegan_Page_Musique_Trackmusik.jpg 854w, https:\/\/lemanegedegivet.fr\/wp-content\/uploads\/Jean_Baptiste_Guegan_Page_Musique_Trackmusik-300x225.jpg 300w, https:\/\/lemanegedegivet.fr\/wp-content\/uploads\/Jean_Baptiste_Guegan_Page_Musique_Trackmusik-768x576.jpg 768w, https:\/\/lemanegedegivet.fr\/wp-content\/uploads\/Jean_Baptiste_Guegan_Page_Musique_Trackmusik-200x150.jpg 200w\" sizes=\"auto, (max-width: 854px) 100vw, 854px\" \/><\/figure>\n\n\n\n<figure class=\"wp-block-image size-large\"><img loading=\"lazy\" decoding=\"async\" width=\"1024\" height=\"576\" data-id=\"1414\" src=\"https:\/\/lemanegedegivet.fr\/wp-content\/uploads\/maxresdefault-1024x576.jpg\" alt=\"\" class=\"wp-image-1414\" srcset=\"https:\/\/lemanegedegivet.fr\/wp-content\/uploads\/maxresdefault-1024x576.jpg 1024w, https:\/\/lemanegedegivet.fr\/wp-content\/uploads\/maxresdefault-300x169.jpg 300w, https:\/\/lemanegedegivet.fr\/wp-content\/uploads\/maxresdefault-768x432.jpg 768w, https:\/\/lemanegedegivet.fr\/wp-content\/uploads\/maxresdefault-200x113.jpg 200w, https:\/\/lemanegedegivet.fr\/wp-content\/uploads\/maxresdefault.jpg 1280w\" sizes=\"auto, (max-width: 1024px) 100vw, 1024px\" \/><\/figure>\n<\/figure>\n\n\n\n<pre class=\"wp-block-preformatted has-montserrat-font-family has-medium-font-size\" style=\"line-height:1.5\"><strong>LE SPECTACLE<\/strong><br>La tourn\u00e9e \u00e9v\u00e9nement de Jean Baptiste Guegan \u201cJohnny,<br>Vous &amp; Moi\u201d se poursuit en 2024 et offrira d\u00e8s janvier une formule \"unplugged\".<br><br>\u00a0L'occasion d'\u00eatre plus proche encore de cette voix exceptionnelle et de red\u00e9couvrir les chansons de ses 3 albums ainsi que les plus grands titres de Johnny. La promesse d'un nouveau voyage musical, m\u00ealant acoustique et \u00e9lectrique, aux confins du blues, du rock et de la chanson.<br><br><br><mark style=\"background-color:rgba(0, 0, 0, 0);color:#0011d2\" class=\"has-inline-color\"><strong>DUR\u00c9E : 110 minutes<\/strong><br><\/mark><br><strong>DISTRIBUTION<\/strong><br>Jean Baptiste GUEGAN<br><br>Production : Arachn\u00e9e Productions<br><br><br><br><strong>NOTE D\u2019INTENTION<\/strong><br>Pour f\u00eater les trente du Man\u00e8ge, il fallait un artiste \u00e0 la hauteur de l'\u00e9v\u00e8nement, une star...<br>C'est Monsieur Jean-Baptiste Guegan, qu'on surnomme aussi \"La voix de Johnny\" qui nous fait l'honneur de c\u00e9l\u00e9brer cet anniversaire avec les givetois !<br><\/pre>\n\n\n\n<pre class=\"wp-block-preformatted has-system-sans-serif-font-family\">\ud835\udc45\ud835\udc52\u0301\ud835\udc60\ud835\udc52\ud835\udc5f\ud835\udc63\ud835\udc4e\ud835\udc61\ud835\udc56\ud835\udc5c\ud835\udc5b \ud835\udc60\ud835\udc62\ud835\udc5f \ud835\udc5d\ud835\udc59\ud835\udc4e\ud835\udc50\ud835\udc52 \ud835\udc5c\ud835\udc62 \ud835\udc5d\ud835\udc4e\ud835\udc5f \ud835\udc61\ud835\udc52\u0301\ud835\udc59\ud835\udc52\u0301\ud835\udc5d\u210e\ud835\udc5c\ud835\udc5b\ud835\udc52 \ud835\udc4e\ud835\udc62 \ud835\udfce\ud835\udfd7 \ud835\udfd5\ud835\udfcf \ud835\udfd3\ud835\udfd6 \ud835\udfd3\ud835\udfd7 \ud835\udfd2\ud835\udfd5<br>\ud835\udc47\ud835\udc4e\ud835\udc5f\ud835\udc56\ud835\udc53\ud835\udc60 <mark style=\"background-color:rgba(0, 0, 0, 0)\" class=\"has-inline-color has-contrast-color\"><em>unique <\/em><\/mark>: 35\u20ac  <\/pre>\n<\/div>\n<\/div>\n<\/div>\n<\/div><\/div>\n","protected":false},"excerpt":{"rendered":"<p>HORS ABONNEMENT<br \/>\n\u00ab\u00a0Jean Baptiste GUEGAN\u00a0\u00bb, le 05 octobre 2024 \u00e0 20h30 au Man\u00e8ge de Givet<\/p>\n","protected":false},"author":4,"featured_media":2709,"comment_status":"closed","ping_status":"closed","sticky":false,"template":"spectacles","format":"standard","meta":{"inline_featured_image":false,"_uag_custom_page_level_css":"","footnotes":""},"categories":[103],"tags":[],"class_list":["post-1410","post","type-post","status-publish","format-standard","has-post-thumbnail","hentry","category-archives"],"yoast_head":"<!-- This site is optimized with the Yoast SEO plugin v25.8 - https:\/\/yoast.com\/wordpress\/plugins\/seo\/ -->\n<title>Johnny, Vous et Moi - Le Man\u00e8ge<\/title>\n<meta name=\"robots\" content=\"index, follow, max-snippet:-1, max-image-preview:large, max-video-preview:-1\" \/>\n<link rel=\"canonical\" href=\"https:\/\/lemanegedegivet.fr\/?p=1410\" \/>\n<meta property=\"og:locale\" content=\"fr_FR\" \/>\n<meta property=\"og:type\" content=\"article\" \/>\n<meta property=\"og:title\" content=\"Johnny, Vous et Moi - Le Man\u00e8ge\" \/>\n<meta property=\"og:description\" content=\"HORS ABONNEMENT &quot;Jean Baptiste GUEGAN&quot;, le 05 octobre 2024 \u00e0 20h30 au Man\u00e8ge de Givet\" \/>\n<meta property=\"og:url\" content=\"https:\/\/lemanegedegivet.fr\/?p=1410\" \/>\n<meta property=\"og:site_name\" content=\"Le Man\u00e8ge\" \/>\n<meta property=\"article:publisher\" content=\"https:\/\/www.facebook.com\/people\/Cinma-Spectacles-Le-Mange-GIVET\/61551363475246\/\" \/>\n<meta property=\"article:published_time\" content=\"2024-08-27T15:59:17+00:00\" \/>\n<meta property=\"article:modified_time\" content=\"2025-08-15T13:17:56+00:00\" \/>\n<meta property=\"og:image\" content=\"https:\/\/lemanegedegivet.fr\/wp-content\/uploads\/guegan_Plan-de-travail-1-1-724x1024.png\" \/>\n\t<meta property=\"og:image:width\" content=\"724\" \/>\n\t<meta property=\"og:image:height\" content=\"1024\" \/>\n\t<meta property=\"og:image:type\" content=\"image\/png\" \/>\n<meta name=\"author\" content=\"Luc Arden\" \/>\n<meta name=\"twitter:card\" content=\"summary_large_image\" \/>\n<meta name=\"twitter:label1\" content=\"\u00c9crit par\" \/>\n\t<meta name=\"twitter:data1\" content=\"Luc Arden\" \/>\n\t<meta name=\"twitter:label2\" content=\"Dur\u00e9e de lecture estim\u00e9e\" \/>\n\t<meta name=\"twitter:data2\" content=\"1 minute\" \/>\n<script type=\"application\/ld+json\" class=\"yoast-schema-graph\">{\"@context\":\"https:\/\/schema.org\",\"@graph\":[{\"@type\":\"Article\",\"@id\":\"https:\/\/lemanegedegivet.fr\/?p=1410#article\",\"isPartOf\":{\"@id\":\"https:\/\/lemanegedegivet.fr\/?p=1410\"},\"author\":{\"name\":\"Luc Arden\",\"@id\":\"https:\/\/lemanegedegivet.fr\/#\/schema\/person\/c0cbf6346e2747ee289f546d1defdae5\"},\"headline\":\"Johnny, Vous et Moi\",\"datePublished\":\"2024-08-27T15:59:17+00:00\",\"dateModified\":\"2025-08-15T13:17:56+00:00\",\"mainEntityOfPage\":{\"@id\":\"https:\/\/lemanegedegivet.fr\/?p=1410\"},\"wordCount\":7,\"publisher\":{\"@id\":\"https:\/\/lemanegedegivet.fr\/#organization\"},\"image\":{\"@id\":\"https:\/\/lemanegedegivet.fr\/?p=1410#primaryimage\"},\"thumbnailUrl\":\"https:\/\/lemanegedegivet.fr\/wp-content\/uploads\/guegan_Plan-de-travail-1-1-scaled.png\",\"articleSection\":[\"archives\"],\"inLanguage\":\"fr-FR\"},{\"@type\":\"WebPage\",\"@id\":\"https:\/\/lemanegedegivet.fr\/?p=1410\",\"url\":\"https:\/\/lemanegedegivet.fr\/?p=1410\",\"name\":\"Johnny, Vous et Moi - Le Man\u00e8ge\",\"isPartOf\":{\"@id\":\"https:\/\/lemanegedegivet.fr\/#website\"},\"primaryImageOfPage\":{\"@id\":\"https:\/\/lemanegedegivet.fr\/?p=1410#primaryimage\"},\"image\":{\"@id\":\"https:\/\/lemanegedegivet.fr\/?p=1410#primaryimage\"},\"thumbnailUrl\":\"https:\/\/lemanegedegivet.fr\/wp-content\/uploads\/guegan_Plan-de-travail-1-1-scaled.png\",\"datePublished\":\"2024-08-27T15:59:17+00:00\",\"dateModified\":\"2025-08-15T13:17:56+00:00\",\"breadcrumb\":{\"@id\":\"https:\/\/lemanegedegivet.fr\/?p=1410#breadcrumb\"},\"inLanguage\":\"fr-FR\",\"potentialAction\":[{\"@type\":\"ReadAction\",\"target\":[\"https:\/\/lemanegedegivet.fr\/?p=1410\"]}]},{\"@type\":\"ImageObject\",\"inLanguage\":\"fr-FR\",\"@id\":\"https:\/\/lemanegedegivet.fr\/?p=1410#primaryimage\",\"url\":\"https:\/\/lemanegedegivet.fr\/wp-content\/uploads\/guegan_Plan-de-travail-1-1-scaled.png\",\"contentUrl\":\"https:\/\/lemanegedegivet.fr\/wp-content\/uploads\/guegan_Plan-de-travail-1-1-scaled.png\",\"width\":1810,\"height\":2560},{\"@type\":\"BreadcrumbList\",\"@id\":\"https:\/\/lemanegedegivet.fr\/?p=1410#breadcrumb\",\"itemListElement\":[{\"@type\":\"ListItem\",\"position\":1,\"name\":\"Accueil\",\"item\":\"https:\/\/lemanegedegivet.fr\/\"},{\"@type\":\"ListItem\",\"position\":2,\"name\":\"Johnny, Vous et Moi\"}]},{\"@type\":\"WebSite\",\"@id\":\"https:\/\/lemanegedegivet.fr\/#website\",\"url\":\"https:\/\/lemanegedegivet.fr\/\",\"name\":\"Le Man\u00e8ge de Givet\",\"description\":\"\",\"publisher\":{\"@id\":\"https:\/\/lemanegedegivet.fr\/#organization\"},\"potentialAction\":[{\"@type\":\"SearchAction\",\"target\":{\"@type\":\"EntryPoint\",\"urlTemplate\":\"https:\/\/lemanegedegivet.fr\/?s={search_term_string}\"},\"query-input\":{\"@type\":\"PropertyValueSpecification\",\"valueRequired\":true,\"valueName\":\"search_term_string\"}}],\"inLanguage\":\"fr-FR\"},{\"@type\":\"Organization\",\"@id\":\"https:\/\/lemanegedegivet.fr\/#organization\",\"name\":\"Le Man\u00e8ge de Givet\",\"url\":\"https:\/\/lemanegedegivet.fr\/\",\"logo\":{\"@type\":\"ImageObject\",\"inLanguage\":\"fr-FR\",\"@id\":\"https:\/\/lemanegedegivet.fr\/#\/schema\/logo\/image\/\",\"url\":\"https:\/\/lemanegedegivet.fr\/wp-content\/uploads\/jours_1920.avif\",\"contentUrl\":\"https:\/\/lemanegedegivet.fr\/wp-content\/uploads\/jours_1920.avif\",\"width\":1920,\"height\":1280,\"caption\":\"Le Man\u00e8ge de Givet\"},\"image\":{\"@id\":\"https:\/\/lemanegedegivet.fr\/#\/schema\/logo\/image\/\"},\"sameAs\":[\"https:\/\/www.facebook.com\/people\/Cinma-Spectacles-Le-Mange-GIVET\/61551363475246\/\"]},{\"@type\":\"Person\",\"@id\":\"https:\/\/lemanegedegivet.fr\/#\/schema\/person\/c0cbf6346e2747ee289f546d1defdae5\",\"name\":\"Luc Arden\",\"url\":\"https:\/\/lemanegedegivet.fr\/?author=4\"}]}<\/script>\n<!-- \/ Yoast SEO plugin. -->","yoast_head_json":{"title":"Johnny, Vous et Moi - Le Man\u00e8ge","robots":{"index":"index","follow":"follow","max-snippet":"max-snippet:-1","max-image-preview":"max-image-preview:large","max-video-preview":"max-video-preview:-1"},"canonical":"https:\/\/lemanegedegivet.fr\/?p=1410","og_locale":"fr_FR","og_type":"article","og_title":"Johnny, Vous et Moi - Le Man\u00e8ge","og_description":"HORS ABONNEMENT \"Jean Baptiste GUEGAN\", le 05 octobre 2024 \u00e0 20h30 au Man\u00e8ge de Givet","og_url":"https:\/\/lemanegedegivet.fr\/?p=1410","og_site_name":"Le Man\u00e8ge","article_publisher":"https:\/\/www.facebook.com\/people\/Cinma-Spectacles-Le-Mange-GIVET\/61551363475246\/","article_published_time":"2024-08-27T15:59:17+00:00","article_modified_time":"2025-08-15T13:17:56+00:00","og_image":[{"width":724,"height":1024,"url":"https:\/\/lemanegedegivet.fr\/wp-content\/uploads\/guegan_Plan-de-travail-1-1-724x1024.png","type":"image\/png"}],"author":"Luc Arden","twitter_card":"summary_large_image","twitter_misc":{"\u00c9crit par":"Luc Arden","Dur\u00e9e de lecture estim\u00e9e":"1 minute"},"schema":{"@context":"https:\/\/schema.org","@graph":[{"@type":"Article","@id":"https:\/\/lemanegedegivet.fr\/?p=1410#article","isPartOf":{"@id":"https:\/\/lemanegedegivet.fr\/?p=1410"},"author":{"name":"Luc Arden","@id":"https:\/\/lemanegedegivet.fr\/#\/schema\/person\/c0cbf6346e2747ee289f546d1defdae5"},"headline":"Johnny, Vous et Moi","datePublished":"2024-08-27T15:59:17+00:00","dateModified":"2025-08-15T13:17:56+00:00","mainEntityOfPage":{"@id":"https:\/\/lemanegedegivet.fr\/?p=1410"},"wordCount":7,"publisher":{"@id":"https:\/\/lemanegedegivet.fr\/#organization"},"image":{"@id":"https:\/\/lemanegedegivet.fr\/?p=1410#primaryimage"},"thumbnailUrl":"https:\/\/lemanegedegivet.fr\/wp-content\/uploads\/guegan_Plan-de-travail-1-1-scaled.png","articleSection":["archives"],"inLanguage":"fr-FR"},{"@type":"WebPage","@id":"https:\/\/lemanegedegivet.fr\/?p=1410","url":"https:\/\/lemanegedegivet.fr\/?p=1410","name":"Johnny, Vous et Moi - Le Man\u00e8ge","isPartOf":{"@id":"https:\/\/lemanegedegivet.fr\/#website"},"primaryImageOfPage":{"@id":"https:\/\/lemanegedegivet.fr\/?p=1410#primaryimage"},"image":{"@id":"https:\/\/lemanegedegivet.fr\/?p=1410#primaryimage"},"thumbnailUrl":"https:\/\/lemanegedegivet.fr\/wp-content\/uploads\/guegan_Plan-de-travail-1-1-scaled.png","datePublished":"2024-08-27T15:59:17+00:00","dateModified":"2025-08-15T13:17:56+00:00","breadcrumb":{"@id":"https:\/\/lemanegedegivet.fr\/?p=1410#breadcrumb"},"inLanguage":"fr-FR","potentialAction":[{"@type":"ReadAction","target":["https:\/\/lemanegedegivet.fr\/?p=1410"]}]},{"@type":"ImageObject","inLanguage":"fr-FR","@id":"https:\/\/lemanegedegivet.fr\/?p=1410#primaryimage","url":"https:\/\/lemanegedegivet.fr\/wp-content\/uploads\/guegan_Plan-de-travail-1-1-scaled.png","contentUrl":"https:\/\/lemanegedegivet.fr\/wp-content\/uploads\/guegan_Plan-de-travail-1-1-scaled.png","width":1810,"height":2560},{"@type":"BreadcrumbList","@id":"https:\/\/lemanegedegivet.fr\/?p=1410#breadcrumb","itemListElement":[{"@type":"ListItem","position":1,"name":"Accueil","item":"https:\/\/lemanegedegivet.fr\/"},{"@type":"ListItem","position":2,"name":"Johnny, Vous et Moi"}]},{"@type":"WebSite","@id":"https:\/\/lemanegedegivet.fr\/#website","url":"https:\/\/lemanegedegivet.fr\/","name":"Le Man\u00e8ge de Givet","description":"","publisher":{"@id":"https:\/\/lemanegedegivet.fr\/#organization"},"potentialAction":[{"@type":"SearchAction","target":{"@type":"EntryPoint","urlTemplate":"https:\/\/lemanegedegivet.fr\/?s={search_term_string}"},"query-input":{"@type":"PropertyValueSpecification","valueRequired":true,"valueName":"search_term_string"}}],"inLanguage":"fr-FR"},{"@type":"Organization","@id":"https:\/\/lemanegedegivet.fr\/#organization","name":"Le Man\u00e8ge de Givet","url":"https:\/\/lemanegedegivet.fr\/","logo":{"@type":"ImageObject","inLanguage":"fr-FR","@id":"https:\/\/lemanegedegivet.fr\/#\/schema\/logo\/image\/","url":"https:\/\/lemanegedegivet.fr\/wp-content\/uploads\/jours_1920.avif","contentUrl":"https:\/\/lemanegedegivet.fr\/wp-content\/uploads\/jours_1920.avif","width":1920,"height":1280,"caption":"Le Man\u00e8ge de Givet"},"image":{"@id":"https:\/\/lemanegedegivet.fr\/#\/schema\/logo\/image\/"},"sameAs":["https:\/\/www.facebook.com\/people\/Cinma-Spectacles-Le-Mange-GIVET\/61551363475246\/"]},{"@type":"Person","@id":"https:\/\/lemanegedegivet.fr\/#\/schema\/person\/c0cbf6346e2747ee289f546d1defdae5","name":"Luc Arden","url":"https:\/\/lemanegedegivet.fr\/?author=4"}]}},"uagb_featured_image_src":{"full":["https:\/\/lemanegedegivet.fr\/wp-content\/uploads\/guegan_Plan-de-travail-1-1-scaled.png",1810,2560,false],"thumbnail":["https:\/\/lemanegedegivet.fr\/wp-content\/uploads\/guegan_Plan-de-travail-1-1-150x150.png",150,150,true],"medium":["https:\/\/lemanegedegivet.fr\/wp-content\/uploads\/guegan_Plan-de-travail-1-1-212x300.png",212,300,true],"medium_large":["https:\/\/lemanegedegivet.fr\/wp-content\/uploads\/guegan_Plan-de-travail-1-1-768x1086.png",768,1086,true],"large":["https:\/\/lemanegedegivet.fr\/wp-content\/uploads\/guegan_Plan-de-travail-1-1-724x1024.png",724,1024,true],"1536x1536":["https:\/\/lemanegedegivet.fr\/wp-content\/uploads\/guegan_Plan-de-travail-1-1-1086x1536.png",1086,1536,true],"2048x2048":["https:\/\/lemanegedegivet.fr\/wp-content\/uploads\/guegan_Plan-de-travail-1-1-1448x2048.png",1448,2048,true],"depicter-thumbnail":["https:\/\/lemanegedegivet.fr\/wp-content\/uploads\/guegan_Plan-de-travail-1-1-200x283.png",200,283,true]},"uagb_author_info":{"display_name":"Luc Arden","author_link":"https:\/\/lemanegedegivet.fr\/?author=4"},"uagb_comment_info":0,"uagb_excerpt":"HORS ABONNEMENT \"Jean Baptiste GUEGAN\", le 05 octobre 2024 \u00e0 20h30 au Man\u00e8ge de Givet","publishpress_future_action":{"enabled":false,"date":"2026-05-07 09:38:01","action":"change-status","newStatus":"draft","terms":[],"taxonomy":"category","extraData":[]},"publishpress_future_workflow_manual_trigger":{"enabledWorkflows":[]},"_links":{"self":[{"href":"https:\/\/lemanegedegivet.fr\/index.php?rest_route=\/wp\/v2\/posts\/1410","targetHints":{"allow":["GET"]}}],"collection":[{"href":"https:\/\/lemanegedegivet.fr\/index.php?rest_route=\/wp\/v2\/posts"}],"about":[{"href":"https:\/\/lemanegedegivet.fr\/index.php?rest_route=\/wp\/v2\/types\/post"}],"author":[{"embeddable":true,"href":"https:\/\/lemanegedegivet.fr\/index.php?rest_route=\/wp\/v2\/users\/4"}],"replies":[{"embeddable":true,"href":"https:\/\/lemanegedegivet.fr\/index.php?rest_route=%2Fwp%2Fv2%2Fcomments&post=1410"}],"version-history":[{"count":8,"href":"https:\/\/lemanegedegivet.fr\/index.php?rest_route=\/wp\/v2\/posts\/1410\/revisions"}],"predecessor-version":[{"id":1775,"href":"https:\/\/lemanegedegivet.fr\/index.php?rest_route=\/wp\/v2\/posts\/1410\/revisions\/1775"}],"wp:featuredmedia":[{"embeddable":true,"href":"https:\/\/lemanegedegivet.fr\/index.php?rest_route=\/wp\/v2\/media\/2709"}],"wp:attachment":[{"href":"https:\/\/lemanegedegivet.fr\/index.php?rest_route=%2Fwp%2Fv2%2Fmedia&parent=1410"}],"wp:term":[{"taxonomy":"category","embeddable":true,"href":"https:\/\/lemanegedegivet.fr\/index.php?rest_route=%2Fwp%2Fv2%2Fcategories&post=1410"},{"taxonomy":"post_tag","embeddable":true,"href":"https:\/\/lemanegedegivet.fr\/index.php?rest_route=%2Fwp%2Fv2%2Ftags&post=1410"}],"curies":[{"name":"wp","href":"https:\/\/api.w.org\/{rel}","templated":true}]}}