{"id":1432,"date":"2024-08-21T22:00:03","date_gmt":"2024-08-21T20:00:03","guid":{"rendered":"https:\/\/lemanegedegivet.fr\/?p=1432"},"modified":"2025-03-25T17:18:25","modified_gmt":"2025-03-25T16:18:25","slug":"harmonie-municipale-daulnoye-aymeries","status":"publish","type":"post","link":"https:\/\/lemanegedegivet.fr\/?p=1432","title":{"rendered":"Harmonie Municipale d&rsquo;Aulnoye-Aymeries"},"content":{"rendered":"\n<div class=\"wp-block-uagb-container uagb-block-edfa65fa alignfull uagb-is-root-container\"><div class=\"uagb-container-inner-blocks-wrap\">\n<div class=\"wp-block-columns is-layout-flex wp-container-core-columns-is-layout-28f84493 wp-block-columns-is-layout-flex\">\n<div class=\"wp-block-column is-layout-flow wp-block-column-is-layout-flow\" style=\"padding-right:var(--wp--preset--spacing--10);padding-left:var(--wp--preset--spacing--10);flex-basis:33.33%\">\n<div style=\"height:30px\" aria-hidden=\"true\" class=\"wp-block-spacer\"><\/div>\n\n\n\n<h2 class=\"wp-block-heading has-text-align-center\" style=\"text-transform:none\">Dimanche 16 mars 2025<\/h2>\n\n\n\n<h3 class=\"wp-block-heading has-text-align-center has-body-font-family\"><strong>16h00<\/strong><\/h3>\n\n\n<figure class=\"wp-block-post-featured-image\"><img loading=\"lazy\" decoding=\"async\" width=\"3508\" height=\"4961\" src=\"https:\/\/lemanegedegivet.fr\/wp-content\/uploads\/harmonie_Aulnoye.png\" class=\"attachment-post-thumbnail size-post-thumbnail wp-post-image\" alt=\"\" style=\"object-fit:cover;\" srcset=\"https:\/\/lemanegedegivet.fr\/wp-content\/uploads\/harmonie_Aulnoye.png 3508w, https:\/\/lemanegedegivet.fr\/wp-content\/uploads\/harmonie_Aulnoye-212x300.png 212w, https:\/\/lemanegedegivet.fr\/wp-content\/uploads\/harmonie_Aulnoye-724x1024.png 724w, https:\/\/lemanegedegivet.fr\/wp-content\/uploads\/harmonie_Aulnoye-768x1086.png 768w, https:\/\/lemanegedegivet.fr\/wp-content\/uploads\/harmonie_Aulnoye-1086x1536.png 1086w, https:\/\/lemanegedegivet.fr\/wp-content\/uploads\/harmonie_Aulnoye-1448x2048.png 1448w, https:\/\/lemanegedegivet.fr\/wp-content\/uploads\/harmonie_Aulnoye-200x283.png 200w\" sizes=\"auto, (max-width: 3508px) 100vw, 3508px\" \/><\/figure><\/div>\n\n\n\n<div class=\"wp-block-column has-global-padding is-layout-constrained wp-block-column-is-layout-constrained\" style=\"flex-basis:66.66%\">\n<div class=\"wp-block-uagb-container uagb-block-362ad794\"><h2 style=\"font-style:normal;font-weight:300;text-transform:capitalize; padding-right:0;padding-left:0;padding-top:0;padding-bottom:0;\" class=\"has-text-align-center has-link-color wp-elements-87eac9adf474852cd1a01ca5dddfdcea wp-block-post-title has-text-color has-accent-3-color has-montserrat-font-family\">Harmonie Municipale d&rsquo;Aulnoye-Aymeries<\/h2>\n\n\n<figure class=\"wp-block-gallery has-nested-images columns-default is-cropped wp-block-gallery-1 is-layout-flex wp-block-gallery-is-layout-flex\">\n<figure class=\"wp-block-image size-large\"><img loading=\"lazy\" decoding=\"async\" width=\"640\" height=\"480\" data-id=\"1438\" src=\"https:\/\/lemanegedegivet.fr\/wp-content\/uploads\/IMG_0988.jpeg\" alt=\"\" class=\"wp-image-1438\" srcset=\"https:\/\/lemanegedegivet.fr\/wp-content\/uploads\/IMG_0988.jpeg 640w, https:\/\/lemanegedegivet.fr\/wp-content\/uploads\/IMG_0988-300x225.jpeg 300w, https:\/\/lemanegedegivet.fr\/wp-content\/uploads\/IMG_0988-200x150.jpeg 200w\" sizes=\"auto, (max-width: 640px) 100vw, 640px\" \/><\/figure>\n\n\n\n<figure class=\"wp-block-image size-large\"><img loading=\"lazy\" decoding=\"async\" width=\"1024\" height=\"442\" data-id=\"1440\" src=\"https:\/\/lemanegedegivet.fr\/wp-content\/uploads\/IMG_4385-1024x442.jpg\" alt=\"\" class=\"wp-image-1440\" srcset=\"https:\/\/lemanegedegivet.fr\/wp-content\/uploads\/IMG_4385-1024x442.jpg 1024w, https:\/\/lemanegedegivet.fr\/wp-content\/uploads\/IMG_4385-300x129.jpg 300w, https:\/\/lemanegedegivet.fr\/wp-content\/uploads\/IMG_4385-768x331.jpg 768w, https:\/\/lemanegedegivet.fr\/wp-content\/uploads\/IMG_4385-200x86.jpg 200w, https:\/\/lemanegedegivet.fr\/wp-content\/uploads\/IMG_4385.jpg 1113w\" sizes=\"auto, (max-width: 1024px) 100vw, 1024px\" \/><\/figure>\n\n\n\n<figure class=\"wp-block-image size-large\"><img loading=\"lazy\" decoding=\"async\" width=\"886\" height=\"591\" data-id=\"1439\" src=\"https:\/\/lemanegedegivet.fr\/wp-content\/uploads\/IMG_1895.jpg\" alt=\"\" class=\"wp-image-1439\" srcset=\"https:\/\/lemanegedegivet.fr\/wp-content\/uploads\/IMG_1895.jpg 886w, https:\/\/lemanegedegivet.fr\/wp-content\/uploads\/IMG_1895-300x200.jpg 300w, https:\/\/lemanegedegivet.fr\/wp-content\/uploads\/IMG_1895-768x512.jpg 768w, https:\/\/lemanegedegivet.fr\/wp-content\/uploads\/IMG_1895-200x133.jpg 200w\" sizes=\"auto, (max-width: 886px) 100vw, 886px\" \/><\/figure>\n<\/figure>\n\n\n\n<pre class=\"wp-block-preformatted has-montserrat-font-family has-medium-font-size\"><strong>LE CONCERT<\/strong><br><br>Cr\u00e9\u00e9e il y a plusieurs dizaines d'ann\u00e9es, l'Harmonie Municipale d'Aulnoye-Aymeries est devenue, au fil du temps, une r\u00e9f\u00e9rence dans le domaine de la musique et du chant, dans la r\u00e9gion. <br>Elle s'est notamment illustr\u00e9e dans une reprise orchestrale de la c\u00e9l\u00e8bre com\u00e9die musicale \"Starmania\", mais aussi dans un concert int\u00e9gralement d\u00e9di\u00e9 \u00e0 Aretha Franklin.<br>Cet ensemble \u00e9clectique sait se renouveler et se diversifier en jouant bien \u00e9videmment du classique, mais aussi du jazz, de la vari\u00e9t\u00e9 et du contemporain. <br>L'Harmonie Municipale d'Aulnoye-Aymeries offre \u00e9galement de tr\u00e8s beaux cin\u00e9-concerts.<br><br>Nous accueillons pour la premi\u00e8re fois cet orchestre \u00e0 Givet, et gageons qu'il saura nous surprendre avec son univers si singulier.<br><br><br><br><mark style=\"background-color:rgba(0, 0, 0, 0);color:#0011d2\" class=\"has-inline-color\"><strong>DUR\u00c9E : 90 minutes<\/strong><br><\/mark><br><br><br><br><br><br><br>\ud835\udc45\ud835\udc52\u0301\ud835\udc60\ud835\udc52\ud835\udc5f\ud835\udc63\ud835\udc4e\ud835\udc61\ud835\udc56\ud835\udc5c\ud835\udc5b \ud835\udc60\ud835\udc62\ud835\udc5f \ud835\udc5d\ud835\udc59\ud835\udc4e\ud835\udc50\ud835\udc52 \ud835\udc5c\ud835\udc62 \ud835\udc5d\ud835\udc4e\ud835\udc5f \ud835\udc61\ud835\udc52\u0301\ud835\udc59\ud835\udc52\u0301\ud835\udc5d\u210e\ud835\udc5c\ud835\udc5b\ud835\udc52 \ud835\udc4e\ud835\udc62 \ud835\udfce\ud835\udfd7 \ud835\udfd5\ud835\udfcf \ud835\udfd3\ud835\udfd6 \ud835\udfd3\ud835\udfd7 \ud835\udfd2\ud835\udfd5<br>\ud835\udc47\ud835\udc4e\ud835\udc5f\ud835\udc56\ud835\udc53\ud835\udc60 :<br>\ud835\udc43\ud835\udc59\ud835\udc52\ud835\udc56\ud835\udc5b : 10\u20ac       \ud835\udc45\ud835\udc52\u0301\ud835\udc51\ud835\udc62\ud835\udc56\ud835\udc61 : 5\u20ac       -14 \ud835\udc4e\ud835\udc5b\ud835\udc60 : gratuit<\/pre>\n<\/div>\n<\/div>\n<\/div>\n<\/div><\/div>\n","protected":false},"excerpt":{"rendered":"<p>Un concert \u00e0 venir appr\u00e9cier au Man\u00e8ge de Givet, le 16 mars 2025 \u00e0 16h00<\/p>\n","protected":false},"author":4,"featured_media":2267,"comment_status":"closed","ping_status":"closed","sticky":false,"template":"spectacles","format":"standard","meta":{"inline_featured_image":false,"_uag_custom_page_level_css":"","footnotes":""},"categories":[103],"tags":[],"class_list":["post-1432","post","type-post","status-publish","format-standard","has-post-thumbnail","hentry","category-archives"],"yoast_head":"<!-- This site is optimized with the Yoast SEO plugin v25.8 - https:\/\/yoast.com\/wordpress\/plugins\/seo\/ -->\n<title>Harmonie Municipale d&#039;Aulnoye-Aymeries - Le Man\u00e8ge<\/title>\n<meta name=\"robots\" content=\"index, follow, max-snippet:-1, max-image-preview:large, max-video-preview:-1\" \/>\n<link rel=\"canonical\" href=\"https:\/\/lemanegedegivet.fr\/?p=1432\" \/>\n<meta property=\"og:locale\" content=\"fr_FR\" \/>\n<meta property=\"og:type\" content=\"article\" \/>\n<meta property=\"og:title\" content=\"Harmonie Municipale d&#039;Aulnoye-Aymeries - Le Man\u00e8ge\" \/>\n<meta property=\"og:description\" content=\"Un concert \u00e0 venir appr\u00e9cier au Man\u00e8ge de Givet, le 16 mars 2025 \u00e0 16h00\" \/>\n<meta property=\"og:url\" content=\"https:\/\/lemanegedegivet.fr\/?p=1432\" \/>\n<meta property=\"og:site_name\" content=\"Le Man\u00e8ge\" \/>\n<meta property=\"article:publisher\" content=\"https:\/\/www.facebook.com\/people\/Cinma-Spectacles-Le-Mange-GIVET\/61551363475246\/\" \/>\n<meta property=\"article:published_time\" content=\"2024-08-21T20:00:03+00:00\" \/>\n<meta property=\"article:modified_time\" content=\"2025-03-25T16:18:25+00:00\" \/>\n<meta property=\"og:image\" content=\"https:\/\/lemanegedegivet.fr\/wp-content\/uploads\/harmonie_Aulnoye-724x1024.png\" \/>\n\t<meta property=\"og:image:width\" content=\"724\" \/>\n\t<meta property=\"og:image:height\" content=\"1024\" \/>\n\t<meta property=\"og:image:type\" content=\"image\/png\" \/>\n<meta name=\"author\" content=\"Luc Arden\" \/>\n<meta name=\"twitter:card\" content=\"summary_large_image\" \/>\n<meta name=\"twitter:label1\" content=\"\u00c9crit par\" \/>\n\t<meta name=\"twitter:data1\" content=\"Luc Arden\" \/>\n\t<meta name=\"twitter:label2\" content=\"Dur\u00e9e de lecture estim\u00e9e\" \/>\n\t<meta name=\"twitter:data2\" content=\"1 minute\" \/>\n<script type=\"application\/ld+json\" class=\"yoast-schema-graph\">{\"@context\":\"https:\/\/schema.org\",\"@graph\":[{\"@type\":\"Article\",\"@id\":\"https:\/\/lemanegedegivet.fr\/?p=1432#article\",\"isPartOf\":{\"@id\":\"https:\/\/lemanegedegivet.fr\/?p=1432\"},\"author\":{\"name\":\"Luc Arden\",\"@id\":\"https:\/\/lemanegedegivet.fr\/#\/schema\/person\/c0cbf6346e2747ee289f546d1defdae5\"},\"headline\":\"Harmonie Municipale d&rsquo;Aulnoye-Aymeries\",\"datePublished\":\"2024-08-21T20:00:03+00:00\",\"dateModified\":\"2025-03-25T16:18:25+00:00\",\"mainEntityOfPage\":{\"@id\":\"https:\/\/lemanegedegivet.fr\/?p=1432\"},\"wordCount\":7,\"publisher\":{\"@id\":\"https:\/\/lemanegedegivet.fr\/#organization\"},\"image\":{\"@id\":\"https:\/\/lemanegedegivet.fr\/?p=1432#primaryimage\"},\"thumbnailUrl\":\"https:\/\/lemanegedegivet.fr\/wp-content\/uploads\/harmonie_Aulnoye.png\",\"articleSection\":[\"archives\"],\"inLanguage\":\"fr-FR\"},{\"@type\":\"WebPage\",\"@id\":\"https:\/\/lemanegedegivet.fr\/?p=1432\",\"url\":\"https:\/\/lemanegedegivet.fr\/?p=1432\",\"name\":\"Harmonie Municipale d'Aulnoye-Aymeries - Le Man\u00e8ge\",\"isPartOf\":{\"@id\":\"https:\/\/lemanegedegivet.fr\/#website\"},\"primaryImageOfPage\":{\"@id\":\"https:\/\/lemanegedegivet.fr\/?p=1432#primaryimage\"},\"image\":{\"@id\":\"https:\/\/lemanegedegivet.fr\/?p=1432#primaryimage\"},\"thumbnailUrl\":\"https:\/\/lemanegedegivet.fr\/wp-content\/uploads\/harmonie_Aulnoye.png\",\"datePublished\":\"2024-08-21T20:00:03+00:00\",\"dateModified\":\"2025-03-25T16:18:25+00:00\",\"breadcrumb\":{\"@id\":\"https:\/\/lemanegedegivet.fr\/?p=1432#breadcrumb\"},\"inLanguage\":\"fr-FR\",\"potentialAction\":[{\"@type\":\"ReadAction\",\"target\":[\"https:\/\/lemanegedegivet.fr\/?p=1432\"]}]},{\"@type\":\"ImageObject\",\"inLanguage\":\"fr-FR\",\"@id\":\"https:\/\/lemanegedegivet.fr\/?p=1432#primaryimage\",\"url\":\"https:\/\/lemanegedegivet.fr\/wp-content\/uploads\/harmonie_Aulnoye.png\",\"contentUrl\":\"https:\/\/lemanegedegivet.fr\/wp-content\/uploads\/harmonie_Aulnoye.png\",\"width\":3508,\"height\":4961},{\"@type\":\"BreadcrumbList\",\"@id\":\"https:\/\/lemanegedegivet.fr\/?p=1432#breadcrumb\",\"itemListElement\":[{\"@type\":\"ListItem\",\"position\":1,\"name\":\"Accueil\",\"item\":\"https:\/\/lemanegedegivet.fr\/\"},{\"@type\":\"ListItem\",\"position\":2,\"name\":\"Harmonie Municipale d&rsquo;Aulnoye-Aymeries\"}]},{\"@type\":\"WebSite\",\"@id\":\"https:\/\/lemanegedegivet.fr\/#website\",\"url\":\"https:\/\/lemanegedegivet.fr\/\",\"name\":\"Le Man\u00e8ge de Givet\",\"description\":\"\",\"publisher\":{\"@id\":\"https:\/\/lemanegedegivet.fr\/#organization\"},\"potentialAction\":[{\"@type\":\"SearchAction\",\"target\":{\"@type\":\"EntryPoint\",\"urlTemplate\":\"https:\/\/lemanegedegivet.fr\/?s={search_term_string}\"},\"query-input\":{\"@type\":\"PropertyValueSpecification\",\"valueRequired\":true,\"valueName\":\"search_term_string\"}}],\"inLanguage\":\"fr-FR\"},{\"@type\":\"Organization\",\"@id\":\"https:\/\/lemanegedegivet.fr\/#organization\",\"name\":\"Le Man\u00e8ge de Givet\",\"url\":\"https:\/\/lemanegedegivet.fr\/\",\"logo\":{\"@type\":\"ImageObject\",\"inLanguage\":\"fr-FR\",\"@id\":\"https:\/\/lemanegedegivet.fr\/#\/schema\/logo\/image\/\",\"url\":\"https:\/\/lemanegedegivet.fr\/wp-content\/uploads\/jours_1920.avif\",\"contentUrl\":\"https:\/\/lemanegedegivet.fr\/wp-content\/uploads\/jours_1920.avif\",\"width\":1920,\"height\":1280,\"caption\":\"Le Man\u00e8ge de Givet\"},\"image\":{\"@id\":\"https:\/\/lemanegedegivet.fr\/#\/schema\/logo\/image\/\"},\"sameAs\":[\"https:\/\/www.facebook.com\/people\/Cinma-Spectacles-Le-Mange-GIVET\/61551363475246\/\"]},{\"@type\":\"Person\",\"@id\":\"https:\/\/lemanegedegivet.fr\/#\/schema\/person\/c0cbf6346e2747ee289f546d1defdae5\",\"name\":\"Luc Arden\",\"url\":\"https:\/\/lemanegedegivet.fr\/?author=4\"}]}<\/script>\n<!-- \/ Yoast SEO plugin. -->","yoast_head_json":{"title":"Harmonie Municipale d'Aulnoye-Aymeries - Le Man\u00e8ge","robots":{"index":"index","follow":"follow","max-snippet":"max-snippet:-1","max-image-preview":"max-image-preview:large","max-video-preview":"max-video-preview:-1"},"canonical":"https:\/\/lemanegedegivet.fr\/?p=1432","og_locale":"fr_FR","og_type":"article","og_title":"Harmonie Municipale d'Aulnoye-Aymeries - Le Man\u00e8ge","og_description":"Un concert \u00e0 venir appr\u00e9cier au Man\u00e8ge de Givet, le 16 mars 2025 \u00e0 16h00","og_url":"https:\/\/lemanegedegivet.fr\/?p=1432","og_site_name":"Le Man\u00e8ge","article_publisher":"https:\/\/www.facebook.com\/people\/Cinma-Spectacles-Le-Mange-GIVET\/61551363475246\/","article_published_time":"2024-08-21T20:00:03+00:00","article_modified_time":"2025-03-25T16:18:25+00:00","og_image":[{"width":724,"height":1024,"url":"https:\/\/lemanegedegivet.fr\/wp-content\/uploads\/harmonie_Aulnoye-724x1024.png","type":"image\/png"}],"author":"Luc Arden","twitter_card":"summary_large_image","twitter_misc":{"\u00c9crit par":"Luc Arden","Dur\u00e9e de lecture estim\u00e9e":"1 minute"},"schema":{"@context":"https:\/\/schema.org","@graph":[{"@type":"Article","@id":"https:\/\/lemanegedegivet.fr\/?p=1432#article","isPartOf":{"@id":"https:\/\/lemanegedegivet.fr\/?p=1432"},"author":{"name":"Luc Arden","@id":"https:\/\/lemanegedegivet.fr\/#\/schema\/person\/c0cbf6346e2747ee289f546d1defdae5"},"headline":"Harmonie Municipale d&rsquo;Aulnoye-Aymeries","datePublished":"2024-08-21T20:00:03+00:00","dateModified":"2025-03-25T16:18:25+00:00","mainEntityOfPage":{"@id":"https:\/\/lemanegedegivet.fr\/?p=1432"},"wordCount":7,"publisher":{"@id":"https:\/\/lemanegedegivet.fr\/#organization"},"image":{"@id":"https:\/\/lemanegedegivet.fr\/?p=1432#primaryimage"},"thumbnailUrl":"https:\/\/lemanegedegivet.fr\/wp-content\/uploads\/harmonie_Aulnoye.png","articleSection":["archives"],"inLanguage":"fr-FR"},{"@type":"WebPage","@id":"https:\/\/lemanegedegivet.fr\/?p=1432","url":"https:\/\/lemanegedegivet.fr\/?p=1432","name":"Harmonie Municipale d'Aulnoye-Aymeries - Le Man\u00e8ge","isPartOf":{"@id":"https:\/\/lemanegedegivet.fr\/#website"},"primaryImageOfPage":{"@id":"https:\/\/lemanegedegivet.fr\/?p=1432#primaryimage"},"image":{"@id":"https:\/\/lemanegedegivet.fr\/?p=1432#primaryimage"},"thumbnailUrl":"https:\/\/lemanegedegivet.fr\/wp-content\/uploads\/harmonie_Aulnoye.png","datePublished":"2024-08-21T20:00:03+00:00","dateModified":"2025-03-25T16:18:25+00:00","breadcrumb":{"@id":"https:\/\/lemanegedegivet.fr\/?p=1432#breadcrumb"},"inLanguage":"fr-FR","potentialAction":[{"@type":"ReadAction","target":["https:\/\/lemanegedegivet.fr\/?p=1432"]}]},{"@type":"ImageObject","inLanguage":"fr-FR","@id":"https:\/\/lemanegedegivet.fr\/?p=1432#primaryimage","url":"https:\/\/lemanegedegivet.fr\/wp-content\/uploads\/harmonie_Aulnoye.png","contentUrl":"https:\/\/lemanegedegivet.fr\/wp-content\/uploads\/harmonie_Aulnoye.png","width":3508,"height":4961},{"@type":"BreadcrumbList","@id":"https:\/\/lemanegedegivet.fr\/?p=1432#breadcrumb","itemListElement":[{"@type":"ListItem","position":1,"name":"Accueil","item":"https:\/\/lemanegedegivet.fr\/"},{"@type":"ListItem","position":2,"name":"Harmonie Municipale d&rsquo;Aulnoye-Aymeries"}]},{"@type":"WebSite","@id":"https:\/\/lemanegedegivet.fr\/#website","url":"https:\/\/lemanegedegivet.fr\/","name":"Le Man\u00e8ge de Givet","description":"","publisher":{"@id":"https:\/\/lemanegedegivet.fr\/#organization"},"potentialAction":[{"@type":"SearchAction","target":{"@type":"EntryPoint","urlTemplate":"https:\/\/lemanegedegivet.fr\/?s={search_term_string}"},"query-input":{"@type":"PropertyValueSpecification","valueRequired":true,"valueName":"search_term_string"}}],"inLanguage":"fr-FR"},{"@type":"Organization","@id":"https:\/\/lemanegedegivet.fr\/#organization","name":"Le Man\u00e8ge de Givet","url":"https:\/\/lemanegedegivet.fr\/","logo":{"@type":"ImageObject","inLanguage":"fr-FR","@id":"https:\/\/lemanegedegivet.fr\/#\/schema\/logo\/image\/","url":"https:\/\/lemanegedegivet.fr\/wp-content\/uploads\/jours_1920.avif","contentUrl":"https:\/\/lemanegedegivet.fr\/wp-content\/uploads\/jours_1920.avif","width":1920,"height":1280,"caption":"Le Man\u00e8ge de Givet"},"image":{"@id":"https:\/\/lemanegedegivet.fr\/#\/schema\/logo\/image\/"},"sameAs":["https:\/\/www.facebook.com\/people\/Cinma-Spectacles-Le-Mange-GIVET\/61551363475246\/"]},{"@type":"Person","@id":"https:\/\/lemanegedegivet.fr\/#\/schema\/person\/c0cbf6346e2747ee289f546d1defdae5","name":"Luc Arden","url":"https:\/\/lemanegedegivet.fr\/?author=4"}]}},"uagb_featured_image_src":{"full":["https:\/\/lemanegedegivet.fr\/wp-content\/uploads\/harmonie_Aulnoye.png",3508,4961,false],"thumbnail":["https:\/\/lemanegedegivet.fr\/wp-content\/uploads\/harmonie_Aulnoye-150x150.png",150,150,true],"medium":["https:\/\/lemanegedegivet.fr\/wp-content\/uploads\/harmonie_Aulnoye-212x300.png",212,300,true],"medium_large":["https:\/\/lemanegedegivet.fr\/wp-content\/uploads\/harmonie_Aulnoye-768x1086.png",768,1086,true],"large":["https:\/\/lemanegedegivet.fr\/wp-content\/uploads\/harmonie_Aulnoye-724x1024.png",724,1024,true],"1536x1536":["https:\/\/lemanegedegivet.fr\/wp-content\/uploads\/harmonie_Aulnoye-1086x1536.png",1086,1536,true],"2048x2048":["https:\/\/lemanegedegivet.fr\/wp-content\/uploads\/harmonie_Aulnoye-1448x2048.png",1448,2048,true],"depicter-thumbnail":["https:\/\/lemanegedegivet.fr\/wp-content\/uploads\/harmonie_Aulnoye-200x283.png",200,283,true]},"uagb_author_info":{"display_name":"Luc Arden","author_link":"https:\/\/lemanegedegivet.fr\/?author=4"},"uagb_comment_info":0,"uagb_excerpt":"Un concert \u00e0 venir appr\u00e9cier au Man\u00e8ge de Givet, le 16 mars 2025 \u00e0 16h00","publishpress_future_action":{"enabled":false,"date":"2026-05-07 09:45:25","action":"change-status","newStatus":"draft","terms":[],"taxonomy":"category","extraData":[]},"publishpress_future_workflow_manual_trigger":{"enabledWorkflows":[]},"_links":{"self":[{"href":"https:\/\/lemanegedegivet.fr\/index.php?rest_route=\/wp\/v2\/posts\/1432","targetHints":{"allow":["GET"]}}],"collection":[{"href":"https:\/\/lemanegedegivet.fr\/index.php?rest_route=\/wp\/v2\/posts"}],"about":[{"href":"https:\/\/lemanegedegivet.fr\/index.php?rest_route=\/wp\/v2\/types\/post"}],"author":[{"embeddable":true,"href":"https:\/\/lemanegedegivet.fr\/index.php?rest_route=\/wp\/v2\/users\/4"}],"replies":[{"embeddable":true,"href":"https:\/\/lemanegedegivet.fr\/index.php?rest_route=%2Fwp%2Fv2%2Fcomments&post=1432"}],"version-history":[{"count":9,"href":"https:\/\/lemanegedegivet.fr\/index.php?rest_route=\/wp\/v2\/posts\/1432\/revisions"}],"predecessor-version":[{"id":1788,"href":"https:\/\/lemanegedegivet.fr\/index.php?rest_route=\/wp\/v2\/posts\/1432\/revisions\/1788"}],"wp:featuredmedia":[{"embeddable":true,"href":"https:\/\/lemanegedegivet.fr\/index.php?rest_route=\/wp\/v2\/media\/2267"}],"wp:attachment":[{"href":"https:\/\/lemanegedegivet.fr\/index.php?rest_route=%2Fwp%2Fv2%2Fmedia&parent=1432"}],"wp:term":[{"taxonomy":"category","embeddable":true,"href":"https:\/\/lemanegedegivet.fr\/index.php?rest_route=%2Fwp%2Fv2%2Fcategories&post=1432"},{"taxonomy":"post_tag","embeddable":true,"href":"https:\/\/lemanegedegivet.fr\/index.php?rest_route=%2Fwp%2Fv2%2Ftags&post=1432"}],"curies":[{"name":"wp","href":"https:\/\/api.w.org\/{rel}","templated":true}]}}