{"id":1712,"date":"2024-08-24T12:59:32","date_gmt":"2024-08-24T10:59:32","guid":{"rendered":"https:\/\/lemanegedegivet.fr\/?p=1712"},"modified":"2025-02-11T17:53:50","modified_gmt":"2025-02-11T16:53:50","slug":"memoires-dun-arbre","status":"publish","type":"post","link":"https:\/\/lemanegedegivet.fr\/?p=1712","title":{"rendered":"M\u00e9moires d&rsquo;un Arbre"},"content":{"rendered":"\n<div class=\"wp-block-uagb-container uagb-block-edfa65fa alignfull uagb-is-root-container\"><div class=\"uagb-container-inner-blocks-wrap\">\n<div class=\"wp-block-columns is-layout-flex wp-container-core-columns-is-layout-28f84493 wp-block-columns-is-layout-flex\">\n<div class=\"wp-block-column is-layout-flow wp-block-column-is-layout-flow\" style=\"padding-right:var(--wp--preset--spacing--10);padding-left:var(--wp--preset--spacing--10);flex-basis:33.33%\">\n<div style=\"height:30px\" aria-hidden=\"true\" class=\"wp-block-spacer\"><\/div>\n\n\n\n<h2 class=\"wp-block-heading has-text-align-center\" style=\"text-transform:none\">Vendredi 13 d\u00e9cembre 2024<\/h2>\n\n\n\n<h3 class=\"wp-block-heading has-text-align-center has-body-font-family\"><strong>20h00<\/strong><\/h3>\n\n\n<figure class=\"wp-block-post-featured-image\"><img loading=\"lazy\" decoding=\"async\" width=\"524\" height=\"741\" src=\"https:\/\/lemanegedegivet.fr\/wp-content\/uploads\/memoire-dun-arbre-affiche.jpg\" class=\"attachment-post-thumbnail size-post-thumbnail wp-post-image\" alt=\"\" style=\"object-fit:cover;\" srcset=\"https:\/\/lemanegedegivet.fr\/wp-content\/uploads\/memoire-dun-arbre-affiche.jpg 524w, https:\/\/lemanegedegivet.fr\/wp-content\/uploads\/memoire-dun-arbre-affiche-212x300.jpg 212w, https:\/\/lemanegedegivet.fr\/wp-content\/uploads\/memoire-dun-arbre-affiche-200x283.jpg 200w\" sizes=\"auto, (max-width: 524px) 100vw, 524px\" \/><\/figure><\/div>\n\n\n\n<div class=\"wp-block-column has-global-padding is-layout-constrained wp-block-column-is-layout-constrained\" style=\"flex-basis:66.66%\">\n<div class=\"wp-block-uagb-container uagb-block-362ad794\"><h2 style=\"font-style:normal;font-weight:300;text-transform:capitalize; padding-right:0;padding-left:0;padding-top:0;padding-bottom:0;\" class=\"has-text-align-center has-link-color wp-elements-87eac9adf474852cd1a01ca5dddfdcea wp-block-post-title has-text-color has-accent-3-color has-montserrat-font-family\">M\u00e9moires d&rsquo;un Arbre<\/h2>\n\n\n<figure class=\"wp-block-gallery has-nested-images columns-default is-cropped wp-block-gallery-1 is-layout-flex wp-block-gallery-is-layout-flex\">\n<figure data-wp-context=\"{&quot;imageId&quot;:&quot;69f5c1db0eecb&quot;}\" data-wp-interactive=\"core\/image\" data-wp-key=\"69f5c1db0eecb\" class=\"wp-block-image size-large wp-lightbox-container\"><img loading=\"lazy\" decoding=\"async\" width=\"1024\" height=\"693\" data-wp-class--hide=\"state.isContentHidden\" data-wp-class--show=\"state.isContentVisible\" data-wp-init=\"callbacks.setButtonStyles\" data-wp-on--click=\"actions.showLightbox\" data-wp-on--load=\"callbacks.setButtonStyles\" data-wp-on-window--resize=\"callbacks.setButtonStyles\" data-id=\"1715\" src=\"https:\/\/lemanegedegivet.fr\/wp-content\/uploads\/Memoiresd1A-carte-1024x693.jpg\" alt=\"\" class=\"wp-image-1715\" srcset=\"https:\/\/lemanegedegivet.fr\/wp-content\/uploads\/Memoiresd1A-carte-1024x693.jpg 1024w, https:\/\/lemanegedegivet.fr\/wp-content\/uploads\/Memoiresd1A-carte-300x203.jpg 300w, https:\/\/lemanegedegivet.fr\/wp-content\/uploads\/Memoiresd1A-carte-768x520.jpg 768w, https:\/\/lemanegedegivet.fr\/wp-content\/uploads\/Memoiresd1A-carte-1536x1040.jpg 1536w, https:\/\/lemanegedegivet.fr\/wp-content\/uploads\/Memoiresd1A-carte-2048x1387.jpg 2048w, https:\/\/lemanegedegivet.fr\/wp-content\/uploads\/Memoiresd1A-carte-200x135.jpg 200w\" sizes=\"auto, (max-width: 1024px) 100vw, 1024px\" \/><button\n\t\t\tclass=\"lightbox-trigger\"\n\t\t\ttype=\"button\"\n\t\t\taria-haspopup=\"dialog\"\n\t\t\taria-label=\"Agrandir\"\n\t\t\tdata-wp-init=\"callbacks.initTriggerButton\"\n\t\t\tdata-wp-on--click=\"actions.showLightbox\"\n\t\t\tdata-wp-style--right=\"state.imageButtonRight\"\n\t\t\tdata-wp-style--top=\"state.imageButtonTop\"\n\t\t>\n\t\t\t<svg xmlns=\"http:\/\/www.w3.org\/2000\/svg\" width=\"12\" height=\"12\" fill=\"none\" viewBox=\"0 0 12 12\">\n\t\t\t\t<path fill=\"#fff\" d=\"M2 0a2 2 0 0 0-2 2v2h1.5V2a.5.5 0 0 1 .5-.5h2V0H2Zm2 10.5H2a.5.5 0 0 1-.5-.5V8H0v2a2 2 0 0 0 2 2h2v-1.5ZM8 12v-1.5h2a.5.5 0 0 0 .5-.5V8H12v2a2 2 0 0 1-2 2H8Zm2-12a2 2 0 0 1 2 2v2h-1.5V2a.5.5 0 0 0-.5-.5H8V0h2Z\" \/>\n\t\t\t<\/svg>\n\t\t<\/button><\/figure>\n\n\n\n<figure data-wp-context=\"{&quot;imageId&quot;:&quot;69f5c1db0f4f8&quot;}\" data-wp-interactive=\"core\/image\" data-wp-key=\"69f5c1db0f4f8\" class=\"wp-block-image size-large wp-lightbox-container\"><img loading=\"lazy\" decoding=\"async\" width=\"1024\" height=\"1009\" data-wp-class--hide=\"state.isContentHidden\" data-wp-class--show=\"state.isContentVisible\" data-wp-init=\"callbacks.setButtonStyles\" data-wp-on--click=\"actions.showLightbox\" data-wp-on--load=\"callbacks.setButtonStyles\" data-wp-on-window--resize=\"callbacks.setButtonStyles\" data-id=\"1716\" src=\"https:\/\/lemanegedegivet.fr\/wp-content\/uploads\/Memoiresd1A-J-et-Eolias-1024x1009.jpg\" alt=\"\" class=\"wp-image-1716\" srcset=\"https:\/\/lemanegedegivet.fr\/wp-content\/uploads\/Memoiresd1A-J-et-Eolias-1024x1009.jpg 1024w, https:\/\/lemanegedegivet.fr\/wp-content\/uploads\/Memoiresd1A-J-et-Eolias-300x296.jpg 300w, https:\/\/lemanegedegivet.fr\/wp-content\/uploads\/Memoiresd1A-J-et-Eolias-768x757.jpg 768w, https:\/\/lemanegedegivet.fr\/wp-content\/uploads\/Memoiresd1A-J-et-Eolias-1536x1514.jpg 1536w, https:\/\/lemanegedegivet.fr\/wp-content\/uploads\/Memoiresd1A-J-et-Eolias-2048x2019.jpg 2048w, https:\/\/lemanegedegivet.fr\/wp-content\/uploads\/Memoiresd1A-J-et-Eolias-200x197.jpg 200w\" sizes=\"auto, (max-width: 1024px) 100vw, 1024px\" \/><button\n\t\t\tclass=\"lightbox-trigger\"\n\t\t\ttype=\"button\"\n\t\t\taria-haspopup=\"dialog\"\n\t\t\taria-label=\"Agrandir\"\n\t\t\tdata-wp-init=\"callbacks.initTriggerButton\"\n\t\t\tdata-wp-on--click=\"actions.showLightbox\"\n\t\t\tdata-wp-style--right=\"state.imageButtonRight\"\n\t\t\tdata-wp-style--top=\"state.imageButtonTop\"\n\t\t>\n\t\t\t<svg xmlns=\"http:\/\/www.w3.org\/2000\/svg\" width=\"12\" height=\"12\" fill=\"none\" viewBox=\"0 0 12 12\">\n\t\t\t\t<path fill=\"#fff\" d=\"M2 0a2 2 0 0 0-2 2v2h1.5V2a.5.5 0 0 1 .5-.5h2V0H2Zm2 10.5H2a.5.5 0 0 1-.5-.5V8H0v2a2 2 0 0 0 2 2h2v-1.5ZM8 12v-1.5h2a.5.5 0 0 0 .5-.5V8H12v2a2 2 0 0 1-2 2H8Zm2-12a2 2 0 0 1 2 2v2h-1.5V2a.5.5 0 0 0-.5-.5H8V0h2Z\" \/>\n\t\t\t<\/svg>\n\t\t<\/button><\/figure>\n\n\n\n<figure data-wp-context=\"{&quot;imageId&quot;:&quot;69f5c1db0fa69&quot;}\" data-wp-interactive=\"core\/image\" data-wp-key=\"69f5c1db0fa69\" class=\"wp-block-image size-large wp-lightbox-container\"><img loading=\"lazy\" decoding=\"async\" width=\"1024\" height=\"656\" data-wp-class--hide=\"state.isContentHidden\" data-wp-class--show=\"state.isContentVisible\" data-wp-init=\"callbacks.setButtonStyles\" data-wp-on--click=\"actions.showLightbox\" data-wp-on--load=\"callbacks.setButtonStyles\" data-wp-on-window--resize=\"callbacks.setButtonStyles\" data-id=\"1714\" src=\"https:\/\/lemanegedegivet.fr\/wp-content\/uploads\/Memoiresd1A-4-persos-1024x656.jpg\" alt=\"\" class=\"wp-image-1714\" srcset=\"https:\/\/lemanegedegivet.fr\/wp-content\/uploads\/Memoiresd1A-4-persos-1024x656.jpg 1024w, https:\/\/lemanegedegivet.fr\/wp-content\/uploads\/Memoiresd1A-4-persos-300x192.jpg 300w, https:\/\/lemanegedegivet.fr\/wp-content\/uploads\/Memoiresd1A-4-persos-768x492.jpg 768w, https:\/\/lemanegedegivet.fr\/wp-content\/uploads\/Memoiresd1A-4-persos-1536x984.jpg 1536w, https:\/\/lemanegedegivet.fr\/wp-content\/uploads\/Memoiresd1A-4-persos-2048x1312.jpg 2048w, https:\/\/lemanegedegivet.fr\/wp-content\/uploads\/Memoiresd1A-4-persos-200x128.jpg 200w\" sizes=\"auto, (max-width: 1024px) 100vw, 1024px\" \/><button\n\t\t\tclass=\"lightbox-trigger\"\n\t\t\ttype=\"button\"\n\t\t\taria-haspopup=\"dialog\"\n\t\t\taria-label=\"Agrandir\"\n\t\t\tdata-wp-init=\"callbacks.initTriggerButton\"\n\t\t\tdata-wp-on--click=\"actions.showLightbox\"\n\t\t\tdata-wp-style--right=\"state.imageButtonRight\"\n\t\t\tdata-wp-style--top=\"state.imageButtonTop\"\n\t\t>\n\t\t\t<svg xmlns=\"http:\/\/www.w3.org\/2000\/svg\" width=\"12\" height=\"12\" fill=\"none\" viewBox=\"0 0 12 12\">\n\t\t\t\t<path fill=\"#fff\" d=\"M2 0a2 2 0 0 0-2 2v2h1.5V2a.5.5 0 0 1 .5-.5h2V0H2Zm2 10.5H2a.5.5 0 0 1-.5-.5V8H0v2a2 2 0 0 0 2 2h2v-1.5ZM8 12v-1.5h2a.5.5 0 0 0 .5-.5V8H12v2a2 2 0 0 1-2 2H8Zm2-12a2 2 0 0 1 2 2v2h-1.5V2a.5.5 0 0 0-.5-.5H8V0h2Z\" \/>\n\t\t\t<\/svg>\n\t\t<\/button><\/figure>\n<\/figure>\n\n\n\n<pre class=\"wp-block-preformatted has-montserrat-font-family has-medium-font-size\"><strong>LE SPECTACLE<\/strong><br>Une fable sur l'environnement, \u00e0 la rencontre des quatre \u00e9l\u00e9ments.<br>Jeanne Joliconte sera notre guide pour une\u00a0aventure magique\u2026 faisant la part belle aux\u00a0jolies histoires.<br>Les arts se m\u00ealent et s\u2019entrem\u00ealent au service du plaisir des yeux et des oreilles : th\u00e9\u00e2tre,\u00a0jonglerie,\u00a0\u00e9chasses\u2026La morale de l\u2019histoire ? C\u2019est aux enfants de la d\u00e9couvrir.<br>Mais soyons assur\u00e9s qu\u2019ils regarderont\u00a0la Nature d\u2019un \u0153il diff\u00e9rent\u2026<br><br>Voil\u00e0 un spectacle de No\u00ebl ludique, intelligent et merveilleux, bref, efficace !<br><br><br><br><mark style=\"background-color:rgba(0, 0, 0, 0);color:#0011d2\" class=\"has-inline-color\"><strong>DUR\u00c9E : 50 minutes<\/strong><br><\/mark><br>\u00c0 partir de 3 ans<br><br><br>Production : L'El\u00e9phant dans le Boa<br><br><br><strong>NOTE D\u2019INTENTION<\/strong><br>Une\u00a0conteuse, un\u00a0arbre\u00a0qui parle et qui marche, des personnages en rapport avec\u00a0les quatre \u00e9l\u00e9ments\u2026 et la Nature \u00e0 sauver avec l\u2019aide du public.<br>D\u00e9couvrez une cr\u00e9ation pleine de\u00a0po\u00e9sie\u00a0et de\u00a0rire, o\u00f9 les spectateurs font des rencontres, les\u00a0sensibilisant au respect de l\u2019environnement.<br><br><br><br><br>\ud835\udc45\ud835\udc52\u0301\ud835\udc60\ud835\udc52\ud835\udc5f\ud835\udc63\ud835\udc4e\ud835\udc61\ud835\udc56\ud835\udc5c\ud835\udc5b \ud835\udc60\ud835\udc62\ud835\udc5f \ud835\udc5d\ud835\udc59\ud835\udc4e\ud835\udc50\ud835\udc52 \ud835\udc5c\ud835\udc62 \ud835\udc5d\ud835\udc4e\ud835\udc5f \ud835\udc61\ud835\udc52\u0301\ud835\udc59\ud835\udc52\u0301\ud835\udc5d\u210e\ud835\udc5c\ud835\udc5b\ud835\udc52 \ud835\udc4e\ud835\udc62 \ud835\udfce\ud835\udfd7 \ud835\udfd5\ud835\udfcf \ud835\udfd3\ud835\udfd6 \ud835\udfd3\ud835\udfd7 \ud835\udfd2\ud835\udfd5<br>\ud835\udc47\ud835\udc4e\ud835\udc5f\ud835\udc56\ud835\udc53\ud835\udc60 :<br>\ud835\udc43\ud835\udc59\ud835\udc52\ud835\udc56\ud835\udc5b : 10\u20ac       \ud835\udc45\ud835\udc52\u0301\ud835\udc51\ud835\udc62\ud835\udc56\ud835\udc61 : 5\u20ac       -14 \ud835\udc4e\ud835\udc5b\ud835\udc60 : Gratuit<\/pre>\n<\/div>\n<\/div>\n<\/div>\n<\/div><\/div>\n","protected":false},"excerpt":{"rendered":"<p>Un spectacle de No\u00ebl familial au Man\u00e8ge de Givet, le 13 d\u00e9cembre 2024 \u00e0 20h00 <\/p>\n","protected":false},"author":4,"featured_media":2119,"comment_status":"closed","ping_status":"closed","sticky":false,"template":"spectacles","format":"standard","meta":{"inline_featured_image":false,"_uag_custom_page_level_css":"","footnotes":""},"categories":[103],"tags":[],"class_list":["post-1712","post","type-post","status-publish","format-standard","has-post-thumbnail","hentry","category-archives"],"yoast_head":"<!-- This site is optimized with the Yoast SEO plugin v25.8 - https:\/\/yoast.com\/wordpress\/plugins\/seo\/ -->\n<title>M\u00e9moires d&#039;un Arbre - Le Man\u00e8ge<\/title>\n<meta name=\"robots\" content=\"index, follow, max-snippet:-1, max-image-preview:large, max-video-preview:-1\" \/>\n<link rel=\"canonical\" href=\"https:\/\/lemanegedegivet.fr\/?p=1712\" \/>\n<meta property=\"og:locale\" content=\"fr_FR\" \/>\n<meta property=\"og:type\" content=\"article\" \/>\n<meta property=\"og:title\" content=\"M\u00e9moires d&#039;un Arbre - Le Man\u00e8ge\" \/>\n<meta property=\"og:description\" content=\"Un spectacle de No\u00ebl familial au Man\u00e8ge de Givet, le 13 d\u00e9cembre 2024 \u00e0 20h00\" \/>\n<meta property=\"og:url\" content=\"https:\/\/lemanegedegivet.fr\/?p=1712\" \/>\n<meta property=\"og:site_name\" content=\"Le Man\u00e8ge\" \/>\n<meta property=\"article:publisher\" content=\"https:\/\/www.facebook.com\/people\/Cinma-Spectacles-Le-Mange-GIVET\/61551363475246\/\" \/>\n<meta property=\"article:published_time\" content=\"2024-08-24T10:59:32+00:00\" \/>\n<meta property=\"article:modified_time\" content=\"2025-02-11T16:53:50+00:00\" \/>\n<meta property=\"og:image\" content=\"https:\/\/lemanegedegivet.fr\/wp-content\/uploads\/memoire-dun-arbre-affiche.jpg\" \/>\n\t<meta property=\"og:image:width\" content=\"524\" \/>\n\t<meta property=\"og:image:height\" content=\"741\" \/>\n\t<meta property=\"og:image:type\" content=\"image\/jpeg\" \/>\n<meta name=\"author\" content=\"Luc Arden\" \/>\n<meta name=\"twitter:card\" content=\"summary_large_image\" \/>\n<meta name=\"twitter:label1\" content=\"\u00c9crit par\" \/>\n\t<meta name=\"twitter:data1\" content=\"Luc Arden\" \/>\n\t<meta name=\"twitter:label2\" content=\"Dur\u00e9e de lecture estim\u00e9e\" \/>\n\t<meta name=\"twitter:data2\" content=\"1 minute\" \/>\n<script type=\"application\/ld+json\" class=\"yoast-schema-graph\">{\"@context\":\"https:\/\/schema.org\",\"@graph\":[{\"@type\":\"Article\",\"@id\":\"https:\/\/lemanegedegivet.fr\/?p=1712#article\",\"isPartOf\":{\"@id\":\"https:\/\/lemanegedegivet.fr\/?p=1712\"},\"author\":{\"name\":\"Luc Arden\",\"@id\":\"https:\/\/lemanegedegivet.fr\/#\/schema\/person\/c0cbf6346e2747ee289f546d1defdae5\"},\"headline\":\"M\u00e9moires d&rsquo;un Arbre\",\"datePublished\":\"2024-08-24T10:59:32+00:00\",\"dateModified\":\"2025-02-11T16:53:50+00:00\",\"mainEntityOfPage\":{\"@id\":\"https:\/\/lemanegedegivet.fr\/?p=1712\"},\"wordCount\":9,\"publisher\":{\"@id\":\"https:\/\/lemanegedegivet.fr\/#organization\"},\"image\":{\"@id\":\"https:\/\/lemanegedegivet.fr\/?p=1712#primaryimage\"},\"thumbnailUrl\":\"https:\/\/lemanegedegivet.fr\/wp-content\/uploads\/memoire-dun-arbre-affiche.jpg\",\"articleSection\":[\"archives\"],\"inLanguage\":\"fr-FR\"},{\"@type\":\"WebPage\",\"@id\":\"https:\/\/lemanegedegivet.fr\/?p=1712\",\"url\":\"https:\/\/lemanegedegivet.fr\/?p=1712\",\"name\":\"M\u00e9moires d'un Arbre - Le Man\u00e8ge\",\"isPartOf\":{\"@id\":\"https:\/\/lemanegedegivet.fr\/#website\"},\"primaryImageOfPage\":{\"@id\":\"https:\/\/lemanegedegivet.fr\/?p=1712#primaryimage\"},\"image\":{\"@id\":\"https:\/\/lemanegedegivet.fr\/?p=1712#primaryimage\"},\"thumbnailUrl\":\"https:\/\/lemanegedegivet.fr\/wp-content\/uploads\/memoire-dun-arbre-affiche.jpg\",\"datePublished\":\"2024-08-24T10:59:32+00:00\",\"dateModified\":\"2025-02-11T16:53:50+00:00\",\"breadcrumb\":{\"@id\":\"https:\/\/lemanegedegivet.fr\/?p=1712#breadcrumb\"},\"inLanguage\":\"fr-FR\",\"potentialAction\":[{\"@type\":\"ReadAction\",\"target\":[\"https:\/\/lemanegedegivet.fr\/?p=1712\"]}]},{\"@type\":\"ImageObject\",\"inLanguage\":\"fr-FR\",\"@id\":\"https:\/\/lemanegedegivet.fr\/?p=1712#primaryimage\",\"url\":\"https:\/\/lemanegedegivet.fr\/wp-content\/uploads\/memoire-dun-arbre-affiche.jpg\",\"contentUrl\":\"https:\/\/lemanegedegivet.fr\/wp-content\/uploads\/memoire-dun-arbre-affiche.jpg\",\"width\":524,\"height\":741},{\"@type\":\"BreadcrumbList\",\"@id\":\"https:\/\/lemanegedegivet.fr\/?p=1712#breadcrumb\",\"itemListElement\":[{\"@type\":\"ListItem\",\"position\":1,\"name\":\"Accueil\",\"item\":\"https:\/\/lemanegedegivet.fr\/\"},{\"@type\":\"ListItem\",\"position\":2,\"name\":\"M\u00e9moires d&rsquo;un Arbre\"}]},{\"@type\":\"WebSite\",\"@id\":\"https:\/\/lemanegedegivet.fr\/#website\",\"url\":\"https:\/\/lemanegedegivet.fr\/\",\"name\":\"Le Man\u00e8ge de Givet\",\"description\":\"\",\"publisher\":{\"@id\":\"https:\/\/lemanegedegivet.fr\/#organization\"},\"potentialAction\":[{\"@type\":\"SearchAction\",\"target\":{\"@type\":\"EntryPoint\",\"urlTemplate\":\"https:\/\/lemanegedegivet.fr\/?s={search_term_string}\"},\"query-input\":{\"@type\":\"PropertyValueSpecification\",\"valueRequired\":true,\"valueName\":\"search_term_string\"}}],\"inLanguage\":\"fr-FR\"},{\"@type\":\"Organization\",\"@id\":\"https:\/\/lemanegedegivet.fr\/#organization\",\"name\":\"Le Man\u00e8ge de Givet\",\"url\":\"https:\/\/lemanegedegivet.fr\/\",\"logo\":{\"@type\":\"ImageObject\",\"inLanguage\":\"fr-FR\",\"@id\":\"https:\/\/lemanegedegivet.fr\/#\/schema\/logo\/image\/\",\"url\":\"https:\/\/lemanegedegivet.fr\/wp-content\/uploads\/jours_1920.avif\",\"contentUrl\":\"https:\/\/lemanegedegivet.fr\/wp-content\/uploads\/jours_1920.avif\",\"width\":1920,\"height\":1280,\"caption\":\"Le Man\u00e8ge de Givet\"},\"image\":{\"@id\":\"https:\/\/lemanegedegivet.fr\/#\/schema\/logo\/image\/\"},\"sameAs\":[\"https:\/\/www.facebook.com\/people\/Cinma-Spectacles-Le-Mange-GIVET\/61551363475246\/\"]},{\"@type\":\"Person\",\"@id\":\"https:\/\/lemanegedegivet.fr\/#\/schema\/person\/c0cbf6346e2747ee289f546d1defdae5\",\"name\":\"Luc Arden\",\"url\":\"https:\/\/lemanegedegivet.fr\/?author=4\"}]}<\/script>\n<!-- \/ Yoast SEO plugin. -->","yoast_head_json":{"title":"M\u00e9moires d'un Arbre - Le Man\u00e8ge","robots":{"index":"index","follow":"follow","max-snippet":"max-snippet:-1","max-image-preview":"max-image-preview:large","max-video-preview":"max-video-preview:-1"},"canonical":"https:\/\/lemanegedegivet.fr\/?p=1712","og_locale":"fr_FR","og_type":"article","og_title":"M\u00e9moires d'un Arbre - Le Man\u00e8ge","og_description":"Un spectacle de No\u00ebl familial au Man\u00e8ge de Givet, le 13 d\u00e9cembre 2024 \u00e0 20h00","og_url":"https:\/\/lemanegedegivet.fr\/?p=1712","og_site_name":"Le Man\u00e8ge","article_publisher":"https:\/\/www.facebook.com\/people\/Cinma-Spectacles-Le-Mange-GIVET\/61551363475246\/","article_published_time":"2024-08-24T10:59:32+00:00","article_modified_time":"2025-02-11T16:53:50+00:00","og_image":[{"width":524,"height":741,"url":"https:\/\/lemanegedegivet.fr\/wp-content\/uploads\/memoire-dun-arbre-affiche.jpg","type":"image\/jpeg"}],"author":"Luc Arden","twitter_card":"summary_large_image","twitter_misc":{"\u00c9crit par":"Luc Arden","Dur\u00e9e de lecture estim\u00e9e":"1 minute"},"schema":{"@context":"https:\/\/schema.org","@graph":[{"@type":"Article","@id":"https:\/\/lemanegedegivet.fr\/?p=1712#article","isPartOf":{"@id":"https:\/\/lemanegedegivet.fr\/?p=1712"},"author":{"name":"Luc Arden","@id":"https:\/\/lemanegedegivet.fr\/#\/schema\/person\/c0cbf6346e2747ee289f546d1defdae5"},"headline":"M\u00e9moires d&rsquo;un Arbre","datePublished":"2024-08-24T10:59:32+00:00","dateModified":"2025-02-11T16:53:50+00:00","mainEntityOfPage":{"@id":"https:\/\/lemanegedegivet.fr\/?p=1712"},"wordCount":9,"publisher":{"@id":"https:\/\/lemanegedegivet.fr\/#organization"},"image":{"@id":"https:\/\/lemanegedegivet.fr\/?p=1712#primaryimage"},"thumbnailUrl":"https:\/\/lemanegedegivet.fr\/wp-content\/uploads\/memoire-dun-arbre-affiche.jpg","articleSection":["archives"],"inLanguage":"fr-FR"},{"@type":"WebPage","@id":"https:\/\/lemanegedegivet.fr\/?p=1712","url":"https:\/\/lemanegedegivet.fr\/?p=1712","name":"M\u00e9moires d'un Arbre - Le Man\u00e8ge","isPartOf":{"@id":"https:\/\/lemanegedegivet.fr\/#website"},"primaryImageOfPage":{"@id":"https:\/\/lemanegedegivet.fr\/?p=1712#primaryimage"},"image":{"@id":"https:\/\/lemanegedegivet.fr\/?p=1712#primaryimage"},"thumbnailUrl":"https:\/\/lemanegedegivet.fr\/wp-content\/uploads\/memoire-dun-arbre-affiche.jpg","datePublished":"2024-08-24T10:59:32+00:00","dateModified":"2025-02-11T16:53:50+00:00","breadcrumb":{"@id":"https:\/\/lemanegedegivet.fr\/?p=1712#breadcrumb"},"inLanguage":"fr-FR","potentialAction":[{"@type":"ReadAction","target":["https:\/\/lemanegedegivet.fr\/?p=1712"]}]},{"@type":"ImageObject","inLanguage":"fr-FR","@id":"https:\/\/lemanegedegivet.fr\/?p=1712#primaryimage","url":"https:\/\/lemanegedegivet.fr\/wp-content\/uploads\/memoire-dun-arbre-affiche.jpg","contentUrl":"https:\/\/lemanegedegivet.fr\/wp-content\/uploads\/memoire-dun-arbre-affiche.jpg","width":524,"height":741},{"@type":"BreadcrumbList","@id":"https:\/\/lemanegedegivet.fr\/?p=1712#breadcrumb","itemListElement":[{"@type":"ListItem","position":1,"name":"Accueil","item":"https:\/\/lemanegedegivet.fr\/"},{"@type":"ListItem","position":2,"name":"M\u00e9moires d&rsquo;un Arbre"}]},{"@type":"WebSite","@id":"https:\/\/lemanegedegivet.fr\/#website","url":"https:\/\/lemanegedegivet.fr\/","name":"Le Man\u00e8ge de Givet","description":"","publisher":{"@id":"https:\/\/lemanegedegivet.fr\/#organization"},"potentialAction":[{"@type":"SearchAction","target":{"@type":"EntryPoint","urlTemplate":"https:\/\/lemanegedegivet.fr\/?s={search_term_string}"},"query-input":{"@type":"PropertyValueSpecification","valueRequired":true,"valueName":"search_term_string"}}],"inLanguage":"fr-FR"},{"@type":"Organization","@id":"https:\/\/lemanegedegivet.fr\/#organization","name":"Le Man\u00e8ge de Givet","url":"https:\/\/lemanegedegivet.fr\/","logo":{"@type":"ImageObject","inLanguage":"fr-FR","@id":"https:\/\/lemanegedegivet.fr\/#\/schema\/logo\/image\/","url":"https:\/\/lemanegedegivet.fr\/wp-content\/uploads\/jours_1920.avif","contentUrl":"https:\/\/lemanegedegivet.fr\/wp-content\/uploads\/jours_1920.avif","width":1920,"height":1280,"caption":"Le Man\u00e8ge de Givet"},"image":{"@id":"https:\/\/lemanegedegivet.fr\/#\/schema\/logo\/image\/"},"sameAs":["https:\/\/www.facebook.com\/people\/Cinma-Spectacles-Le-Mange-GIVET\/61551363475246\/"]},{"@type":"Person","@id":"https:\/\/lemanegedegivet.fr\/#\/schema\/person\/c0cbf6346e2747ee289f546d1defdae5","name":"Luc Arden","url":"https:\/\/lemanegedegivet.fr\/?author=4"}]}},"uagb_featured_image_src":{"full":["https:\/\/lemanegedegivet.fr\/wp-content\/uploads\/memoire-dun-arbre-affiche.jpg",524,741,false],"thumbnail":["https:\/\/lemanegedegivet.fr\/wp-content\/uploads\/memoire-dun-arbre-affiche-150x150.jpg",150,150,true],"medium":["https:\/\/lemanegedegivet.fr\/wp-content\/uploads\/memoire-dun-arbre-affiche-212x300.jpg",212,300,true],"medium_large":["https:\/\/lemanegedegivet.fr\/wp-content\/uploads\/memoire-dun-arbre-affiche.jpg",524,741,false],"large":["https:\/\/lemanegedegivet.fr\/wp-content\/uploads\/memoire-dun-arbre-affiche.jpg",524,741,false],"1536x1536":["https:\/\/lemanegedegivet.fr\/wp-content\/uploads\/memoire-dun-arbre-affiche.jpg",524,741,false],"2048x2048":["https:\/\/lemanegedegivet.fr\/wp-content\/uploads\/memoire-dun-arbre-affiche.jpg",524,741,false],"depicter-thumbnail":["https:\/\/lemanegedegivet.fr\/wp-content\/uploads\/memoire-dun-arbre-affiche-200x283.jpg",200,283,true]},"uagb_author_info":{"display_name":"Luc Arden","author_link":"https:\/\/lemanegedegivet.fr\/?author=4"},"uagb_comment_info":0,"uagb_excerpt":"Un spectacle de No\u00ebl familial au Man\u00e8ge de Givet, le 13 d\u00e9cembre 2024 \u00e0 20h00","publishpress_future_action":{"enabled":false,"date":"2026-05-09 11:20:27","action":"change-status","newStatus":"draft","terms":[],"taxonomy":"category","extraData":[]},"publishpress_future_workflow_manual_trigger":{"enabledWorkflows":[]},"_links":{"self":[{"href":"https:\/\/lemanegedegivet.fr\/index.php?rest_route=\/wp\/v2\/posts\/1712","targetHints":{"allow":["GET"]}}],"collection":[{"href":"https:\/\/lemanegedegivet.fr\/index.php?rest_route=\/wp\/v2\/posts"}],"about":[{"href":"https:\/\/lemanegedegivet.fr\/index.php?rest_route=\/wp\/v2\/types\/post"}],"author":[{"embeddable":true,"href":"https:\/\/lemanegedegivet.fr\/index.php?rest_route=\/wp\/v2\/users\/4"}],"replies":[{"embeddable":true,"href":"https:\/\/lemanegedegivet.fr\/index.php?rest_route=%2Fwp%2Fv2%2Fcomments&post=1712"}],"version-history":[{"count":5,"href":"https:\/\/lemanegedegivet.fr\/index.php?rest_route=\/wp\/v2\/posts\/1712\/revisions"}],"predecessor-version":[{"id":1782,"href":"https:\/\/lemanegedegivet.fr\/index.php?rest_route=\/wp\/v2\/posts\/1712\/revisions\/1782"}],"wp:featuredmedia":[{"embeddable":true,"href":"https:\/\/lemanegedegivet.fr\/index.php?rest_route=\/wp\/v2\/media\/2119"}],"wp:attachment":[{"href":"https:\/\/lemanegedegivet.fr\/index.php?rest_route=%2Fwp%2Fv2%2Fmedia&parent=1712"}],"wp:term":[{"taxonomy":"category","embeddable":true,"href":"https:\/\/lemanegedegivet.fr\/index.php?rest_route=%2Fwp%2Fv2%2Fcategories&post=1712"},{"taxonomy":"post_tag","embeddable":true,"href":"https:\/\/lemanegedegivet.fr\/index.php?rest_route=%2Fwp%2Fv2%2Ftags&post=1712"}],"curies":[{"name":"wp","href":"https:\/\/api.w.org\/{rel}","templated":true}]}}