{"id":2757,"date":"2025-08-30T14:58:17","date_gmt":"2025-08-30T12:58:17","guid":{"rendered":"https:\/\/lemanegedegivet.fr\/?p=2757"},"modified":"2025-09-16T18:23:52","modified_gmt":"2025-09-16T16:23:52","slug":"la-degustation","status":"publish","type":"post","link":"https:\/\/lemanegedegivet.fr\/?p=2757","title":{"rendered":"LA D\u00c9GUSTATION"},"content":{"rendered":"\n<div class=\"wp-block-uagb-container uagb-block-edfa65fa alignfull uagb-is-root-container\"><div class=\"uagb-container-inner-blocks-wrap\">\n<div class=\"wp-block-columns is-layout-flex wp-container-core-columns-is-layout-28f84493 wp-block-columns-is-layout-flex\">\n<div class=\"wp-block-column is-layout-flow wp-block-column-is-layout-flow\" style=\"padding-right:var(--wp--preset--spacing--10);padding-left:var(--wp--preset--spacing--10);flex-basis:33.33%\">\n<div style=\"height:30px\" aria-hidden=\"true\" class=\"wp-block-spacer\"><\/div>\n\n\n\n<h2 class=\"wp-block-heading has-text-align-center\" style=\"text-transform:capitalize\">Samedi 29 novembre 2025<\/h2>\n\n\n\n<h3 class=\"wp-block-heading has-text-align-center\"><strong>20h30<\/strong><\/h3>\n\n\n<figure class=\"wp-block-post-featured-image\"><img loading=\"lazy\" decoding=\"async\" width=\"1810\" height=\"2560\" src=\"https:\/\/lemanegedegivet.fr\/wp-content\/uploads\/La-Degustation-Affiche-fond-scaled.jpg\" class=\"attachment-post-thumbnail size-post-thumbnail wp-post-image\" alt=\"\" style=\"object-fit:cover;\" srcset=\"https:\/\/lemanegedegivet.fr\/wp-content\/uploads\/La-Degustation-Affiche-fond-scaled.jpg 1810w, https:\/\/lemanegedegivet.fr\/wp-content\/uploads\/La-Degustation-Affiche-fond-212x300.jpg 212w, https:\/\/lemanegedegivet.fr\/wp-content\/uploads\/La-Degustation-Affiche-fond-724x1024.jpg 724w, https:\/\/lemanegedegivet.fr\/wp-content\/uploads\/La-Degustation-Affiche-fond-768x1086.jpg 768w, https:\/\/lemanegedegivet.fr\/wp-content\/uploads\/La-Degustation-Affiche-fond-1086x1536.jpg 1086w, https:\/\/lemanegedegivet.fr\/wp-content\/uploads\/La-Degustation-Affiche-fond-1448x2048.jpg 1448w, https:\/\/lemanegedegivet.fr\/wp-content\/uploads\/La-Degustation-Affiche-fond-200x283.jpg 200w\" sizes=\"auto, (max-width: 1810px) 100vw, 1810px\" \/><\/figure><\/div>\n\n\n\n<div class=\"wp-block-column has-global-padding is-layout-constrained wp-block-column-is-layout-constrained\" style=\"flex-basis:66.66%\">\n<div class=\"wp-block-group has-global-padding is-layout-constrained wp-block-group-is-layout-constrained\">\n<div class=\"wp-block-uagb-container uagb-block-362ad794\"><h2 style=\"font-style:normal;font-weight:200;text-transform:capitalize; padding-right:0;padding-left:0;padding-top:0;padding-bottom:0;\" class=\"has-text-align-center has-link-color wp-elements-f132e1dda9caa6eb2954b204c94a0a26 wp-block-post-title has-text-color has-accent-3-color has-montserrat-font-family\">LA D\u00c9GUSTATION<\/h2>\n\n\n<figure class=\"wp-block-gallery has-nested-images columns-default is-cropped wp-block-gallery-1 is-layout-flex wp-block-gallery-is-layout-flex\"><\/figure>\n\n\n\n<pre class=\"wp-block-preformatted has-montserrat-font-family has-medium-font-size\"><strong>LE SPECTACLE<\/strong><br>Divorc\u00e9, du genre bourru et c\u00e9libataire depuis trop longtemps, Jacques tient seul une petite cave \u00e0 vins. Hortense, engag\u00e9e dans l'associatif, tout proche de devenir vieille fille, d\u00e9barque dans sa boutique et d\u00e9cide de s'inscrire \u00e0 un atelier de d\u00e9gustation. Mais pour que deux \u00e2mes perdues se reconnaissent, il faut parfois un petit miracle. Ce miracle s'appellera Steve, un jeune en libert\u00e9 conditionnelle, qui, contre toute attente, va les rapprocher. Et quand trois personnes issues d'univers si diff\u00e9rents se rencontrent, c'est parfois un grand bonheur... Ou un chaos total. Chacun \u00e0 leur mani\u00e8re, ils vont s\u00e9rieusement d\u00e9guster ! Les voisins libraires et la \u00ab doctoresse \u00bb vont mettre du piment suppl\u00e9mentaire pour le plus grand plaisir de tous. Entre rires et \u00e9motions, cette pi\u00e8ce est faite pour vous faire passer un agr\u00e9able moment !<br><br><strong>DUR\u00c9E : 90 minutes<\/strong><br><br><strong>DISTRIBUTION<\/strong><br>Jacques : Robert COLINET - Hortense : Manon DELCHAMBRE<br>Steve : Justin DEBROUX - Mme Milmont la doctoresse : Anne Fran\u00e7oise COLSSON<br>Th\u00e9r\u00e8se, la voisine libraire : Anne-Marie FRIPPIAT - Guillaume, le voisin libraire : Michel CHARLES<br><br><strong>R\u00e9gie et d\u00e9coration :<\/strong> Luc HENDRICKX et Marie-Christine BULTOT<br><br><br><strong>NOTE D\u2019INTENTION<\/strong><br>Pour notre plus grand plaisir, la Compagnie de l'Arlequin Walh\u00e9rois, fid\u00e8le au Man\u00e8ge et aux givetois, nous pr\u00e9sente cette ann\u00e9e une com\u00e9die de Ivan Calb\u00e9rac, qui a re\u00e7u le Moli\u00e8re de La Meilleure Com\u00e9die en 2019. Un grand moment de rire et de d\u00e9tente, \u00e0 n'en point douter !<br>M\u00eame si l'alcool doit \u00eatre consomm\u00e9 avec mod\u00e9ration, la compagnie souhaite remercier chaleureusement \u00ab La Maison du vin \u00bb, \u00e0 Dinant, pour son aimable collaboration.<br><br>\ud835\udc45\ud835\udc52\u0301\ud835\udc60\ud835\udc52\ud835\udc5f\ud835\udc63\ud835\udc4e\ud835\udc61\ud835\udc56\ud835\udc5c\ud835\udc5b \ud835\udc60\ud835\udc62\ud835\udc5f \ud835\udc5d\ud835\udc59\ud835\udc4e\ud835\udc50\ud835\udc52 \ud835\udc5c\ud835\udc62 \ud835\udc5d\ud835\udc4e\ud835\udc5f \ud835\udc61\ud835\udc52\u0301\ud835\udc59\ud835\udc52\u0301\ud835\udc5d\u210e\ud835\udc5c\ud835\udc5b\ud835\udc52 \ud835\udc4e\ud835\udc62 \ud835\udfce\ud835\udfd7 \ud835\udfd5\ud835\udfcf \ud835\udfd3\ud835\udfd6 \ud835\udfd3\ud835\udfd7 \ud835\udfd2\ud835\udfd5<br><br>TARIFS cat\u00e9gorie C                   <br>Plein : 15\u20ac       R\u00e9duit : 10\u20ac       -14 ans : 5\u20ac<\/pre>\n<\/div>\n<\/div>\n<\/div>\n<\/div>\n<\/div><\/div>\n","protected":false},"excerpt":{"rendered":"<p>Une pi\u00e8ce comique, \u00e0 venir voir au Man\u00e8ge de Givet, le 29 novembre 2025 \u00e0 20h30.<\/p>\n","protected":false},"author":3,"featured_media":2790,"comment_status":"closed","ping_status":"closed","sticky":false,"template":"spectacles","format":"standard","meta":{"inline_featured_image":false,"_uag_custom_page_level_css":"","footnotes":""},"categories":[9],"tags":[],"class_list":["post-2757","post","type-post","status-publish","format-standard","has-post-thumbnail","hentry","category-spectacles"],"yoast_head":"<!-- This site is optimized with the Yoast SEO plugin v25.8 - https:\/\/yoast.com\/wordpress\/plugins\/seo\/ -->\n<title>LA D\u00c9GUSTATION - Le Man\u00e8ge<\/title>\n<meta name=\"description\" content=\"Samedi 13 septembre 2025 20h30. On ne change pas une \u00e9quipe qui gagne !Cette ann\u00e9e encore, pour notre plus grand plaisir, Calixte de Nigremont, alias Son Altesse S\u00e9r\u00e9nissime (ou l&#039;inverse, on ne sait plus), reprend possession du Man\u00e8ge de Givet, avec la verve et le panache qu&#039;on lui conna\u00eet, et qui nous plaisent tant.Notre fac\u00e9tieux Ma\u00eetre de c\u00e9r\u00e9monie sera le fil conducteur de cette soir\u00e9e au cours de laquelle vous pourrez d\u00e9couvrir la nouvelle saison culturelle du Man\u00e8ge, avec encore une fois son lot de surprises.La c\u00e9l\u00e8bre Compagnie Gipsy Raw nous fera, cette ann\u00e9e encore, l&#039;honneur de nous offrir en exclusivit\u00e9, une partie de son nouveau spectacle, \u00e0 l&#039;issu de sa r\u00e9sidence au Man\u00e8ge, o\u00f9 il aura \u00e9t\u00e9 cr\u00e9\u00e9 de toutes pi\u00e8ces.De belles surprises vous attendent encore cette ann\u00e9e !\" \/>\n<meta name=\"robots\" content=\"index, follow, max-snippet:-1, max-image-preview:large, max-video-preview:-1\" \/>\n<link rel=\"canonical\" href=\"https:\/\/lemanegedegivet.fr\/?p=2757\" \/>\n<meta property=\"og:locale\" content=\"fr_FR\" \/>\n<meta property=\"og:type\" content=\"article\" \/>\n<meta property=\"og:title\" content=\"LA D\u00c9GUSTATION - Le Man\u00e8ge\" \/>\n<meta property=\"og:description\" content=\"Samedi 13 septembre 2025 20h30. On ne change pas une \u00e9quipe qui gagne !Cette ann\u00e9e encore, pour notre plus grand plaisir, Calixte de Nigremont, alias Son Altesse S\u00e9r\u00e9nissime (ou l&#039;inverse, on ne sait plus), reprend possession du Man\u00e8ge de Givet, avec la verve et le panache qu&#039;on lui conna\u00eet, et qui nous plaisent tant.Notre fac\u00e9tieux Ma\u00eetre de c\u00e9r\u00e9monie sera le fil conducteur de cette soir\u00e9e au cours de laquelle vous pourrez d\u00e9couvrir la nouvelle saison culturelle du Man\u00e8ge, avec encore une fois son lot de surprises.La c\u00e9l\u00e8bre Compagnie Gipsy Raw nous fera, cette ann\u00e9e encore, l&#039;honneur de nous offrir en exclusivit\u00e9, une partie de son nouveau spectacle, \u00e0 l&#039;issu de sa r\u00e9sidence au Man\u00e8ge, o\u00f9 il aura \u00e9t\u00e9 cr\u00e9\u00e9 de toutes pi\u00e8ces.De belles surprises vous attendent encore cette ann\u00e9e !\" \/>\n<meta property=\"og:url\" content=\"https:\/\/lemanegedegivet.fr\/?p=2757\" \/>\n<meta property=\"og:site_name\" content=\"Le Man\u00e8ge\" \/>\n<meta property=\"article:publisher\" content=\"https:\/\/www.facebook.com\/people\/Cinma-Spectacles-Le-Mange-GIVET\/61551363475246\/\" \/>\n<meta property=\"article:published_time\" content=\"2025-08-30T12:58:17+00:00\" \/>\n<meta property=\"article:modified_time\" content=\"2025-09-16T16:23:52+00:00\" \/>\n<meta property=\"og:image\" content=\"https:\/\/lemanegedegivet.fr\/wp-content\/uploads\/La-Degustation-Affiche-fond-scaled.jpg\" \/>\n\t<meta property=\"og:image:width\" content=\"1810\" \/>\n\t<meta property=\"og:image:height\" content=\"2560\" \/>\n\t<meta property=\"og:image:type\" content=\"image\/jpeg\" \/>\n<meta name=\"author\" content=\"Manege\" \/>\n<meta name=\"twitter:card\" content=\"summary_large_image\" \/>\n<meta name=\"twitter:label1\" content=\"\u00c9crit par\" \/>\n\t<meta name=\"twitter:data1\" content=\"Manege\" \/>\n\t<meta name=\"twitter:label2\" content=\"Dur\u00e9e de lecture estim\u00e9e\" \/>\n\t<meta name=\"twitter:data2\" content=\"1 minute\" \/>\n<script type=\"application\/ld+json\" class=\"yoast-schema-graph\">{\"@context\":\"https:\/\/schema.org\",\"@graph\":[{\"@type\":\"Article\",\"@id\":\"https:\/\/lemanegedegivet.fr\/?p=2757#article\",\"isPartOf\":{\"@id\":\"https:\/\/lemanegedegivet.fr\/?p=2757\"},\"author\":{\"name\":\"Manege\",\"@id\":\"https:\/\/lemanegedegivet.fr\/#\/schema\/person\/79d89b4a6d10addbc758ee6996a554e1\"},\"headline\":\"LA D\u00c9GUSTATION\",\"datePublished\":\"2025-08-30T12:58:17+00:00\",\"dateModified\":\"2025-09-16T16:23:52+00:00\",\"mainEntityOfPage\":{\"@id\":\"https:\/\/lemanegedegivet.fr\/?p=2757\"},\"wordCount\":6,\"publisher\":{\"@id\":\"https:\/\/lemanegedegivet.fr\/#organization\"},\"image\":{\"@id\":\"https:\/\/lemanegedegivet.fr\/?p=2757#primaryimage\"},\"thumbnailUrl\":\"https:\/\/lemanegedegivet.fr\/wp-content\/uploads\/La-Degustation-Affiche-fond-scaled.jpg\",\"articleSection\":[\"Spectacles\"],\"inLanguage\":\"fr-FR\"},{\"@type\":\"WebPage\",\"@id\":\"https:\/\/lemanegedegivet.fr\/?p=2757\",\"url\":\"https:\/\/lemanegedegivet.fr\/?p=2757\",\"name\":\"LA D\u00c9GUSTATION - Le Man\u00e8ge\",\"isPartOf\":{\"@id\":\"https:\/\/lemanegedegivet.fr\/#website\"},\"primaryImageOfPage\":{\"@id\":\"https:\/\/lemanegedegivet.fr\/?p=2757#primaryimage\"},\"image\":{\"@id\":\"https:\/\/lemanegedegivet.fr\/?p=2757#primaryimage\"},\"thumbnailUrl\":\"https:\/\/lemanegedegivet.fr\/wp-content\/uploads\/La-Degustation-Affiche-fond-scaled.jpg\",\"datePublished\":\"2025-08-30T12:58:17+00:00\",\"dateModified\":\"2025-09-16T16:23:52+00:00\",\"description\":\"Samedi 13 septembre 2025 20h30. On ne change pas une \u00e9quipe qui gagne !Cette ann\u00e9e encore, pour notre plus grand plaisir, Calixte de Nigremont, alias Son Altesse S\u00e9r\u00e9nissime (ou l'inverse, on ne sait plus), reprend possession du Man\u00e8ge de Givet, avec la verve et le panache qu'on lui conna\u00eet, et qui nous plaisent tant.Notre fac\u00e9tieux Ma\u00eetre de c\u00e9r\u00e9monie sera le fil conducteur de cette soir\u00e9e au cours de laquelle vous pourrez d\u00e9couvrir la nouvelle saison culturelle du Man\u00e8ge, avec encore une fois son lot de surprises.La c\u00e9l\u00e8bre Compagnie Gipsy Raw nous fera, cette ann\u00e9e encore, l'honneur de nous offrir en exclusivit\u00e9, une partie de son nouveau spectacle, \u00e0 l'issu de sa r\u00e9sidence au Man\u00e8ge, o\u00f9 il aura \u00e9t\u00e9 cr\u00e9\u00e9 de toutes pi\u00e8ces.De belles surprises vous attendent encore cette ann\u00e9e !\",\"breadcrumb\":{\"@id\":\"https:\/\/lemanegedegivet.fr\/?p=2757#breadcrumb\"},\"inLanguage\":\"fr-FR\",\"potentialAction\":[{\"@type\":\"ReadAction\",\"target\":[\"https:\/\/lemanegedegivet.fr\/?p=2757\"]}]},{\"@type\":\"ImageObject\",\"inLanguage\":\"fr-FR\",\"@id\":\"https:\/\/lemanegedegivet.fr\/?p=2757#primaryimage\",\"url\":\"https:\/\/lemanegedegivet.fr\/wp-content\/uploads\/La-Degustation-Affiche-fond-scaled.jpg\",\"contentUrl\":\"https:\/\/lemanegedegivet.fr\/wp-content\/uploads\/La-Degustation-Affiche-fond-scaled.jpg\",\"width\":1810,\"height\":2560},{\"@type\":\"BreadcrumbList\",\"@id\":\"https:\/\/lemanegedegivet.fr\/?p=2757#breadcrumb\",\"itemListElement\":[{\"@type\":\"ListItem\",\"position\":1,\"name\":\"Accueil\",\"item\":\"https:\/\/lemanegedegivet.fr\/\"},{\"@type\":\"ListItem\",\"position\":2,\"name\":\"LA D\u00c9GUSTATION\"}]},{\"@type\":\"WebSite\",\"@id\":\"https:\/\/lemanegedegivet.fr\/#website\",\"url\":\"https:\/\/lemanegedegivet.fr\/\",\"name\":\"Le Man\u00e8ge de Givet\",\"description\":\"\",\"publisher\":{\"@id\":\"https:\/\/lemanegedegivet.fr\/#organization\"},\"potentialAction\":[{\"@type\":\"SearchAction\",\"target\":{\"@type\":\"EntryPoint\",\"urlTemplate\":\"https:\/\/lemanegedegivet.fr\/?s={search_term_string}\"},\"query-input\":{\"@type\":\"PropertyValueSpecification\",\"valueRequired\":true,\"valueName\":\"search_term_string\"}}],\"inLanguage\":\"fr-FR\"},{\"@type\":\"Organization\",\"@id\":\"https:\/\/lemanegedegivet.fr\/#organization\",\"name\":\"Le Man\u00e8ge de Givet\",\"url\":\"https:\/\/lemanegedegivet.fr\/\",\"logo\":{\"@type\":\"ImageObject\",\"inLanguage\":\"fr-FR\",\"@id\":\"https:\/\/lemanegedegivet.fr\/#\/schema\/logo\/image\/\",\"url\":\"https:\/\/lemanegedegivet.fr\/wp-content\/uploads\/jours_1920.avif\",\"contentUrl\":\"https:\/\/lemanegedegivet.fr\/wp-content\/uploads\/jours_1920.avif\",\"width\":1920,\"height\":1280,\"caption\":\"Le Man\u00e8ge de Givet\"},\"image\":{\"@id\":\"https:\/\/lemanegedegivet.fr\/#\/schema\/logo\/image\/\"},\"sameAs\":[\"https:\/\/www.facebook.com\/people\/Cinma-Spectacles-Le-Mange-GIVET\/61551363475246\/\"]},{\"@type\":\"Person\",\"@id\":\"https:\/\/lemanegedegivet.fr\/#\/schema\/person\/79d89b4a6d10addbc758ee6996a554e1\",\"name\":\"Manege\",\"url\":\"https:\/\/lemanegedegivet.fr\/?author=3\"}]}<\/script>\n<!-- \/ Yoast SEO plugin. -->","yoast_head_json":{"title":"LA D\u00c9GUSTATION - Le Man\u00e8ge","description":"Samedi 13 septembre 2025 20h30. On ne change pas une \u00e9quipe qui gagne !Cette ann\u00e9e encore, pour notre plus grand plaisir, Calixte de Nigremont, alias Son Altesse S\u00e9r\u00e9nissime (ou l'inverse, on ne sait plus), reprend possession du Man\u00e8ge de Givet, avec la verve et le panache qu'on lui conna\u00eet, et qui nous plaisent tant.Notre fac\u00e9tieux Ma\u00eetre de c\u00e9r\u00e9monie sera le fil conducteur de cette soir\u00e9e au cours de laquelle vous pourrez d\u00e9couvrir la nouvelle saison culturelle du Man\u00e8ge, avec encore une fois son lot de surprises.La c\u00e9l\u00e8bre Compagnie Gipsy Raw nous fera, cette ann\u00e9e encore, l'honneur de nous offrir en exclusivit\u00e9, une partie de son nouveau spectacle, \u00e0 l'issu de sa r\u00e9sidence au Man\u00e8ge, o\u00f9 il aura \u00e9t\u00e9 cr\u00e9\u00e9 de toutes pi\u00e8ces.De belles surprises vous attendent encore cette ann\u00e9e !","robots":{"index":"index","follow":"follow","max-snippet":"max-snippet:-1","max-image-preview":"max-image-preview:large","max-video-preview":"max-video-preview:-1"},"canonical":"https:\/\/lemanegedegivet.fr\/?p=2757","og_locale":"fr_FR","og_type":"article","og_title":"LA D\u00c9GUSTATION - Le Man\u00e8ge","og_description":"Samedi 13 septembre 2025 20h30. On ne change pas une \u00e9quipe qui gagne !Cette ann\u00e9e encore, pour notre plus grand plaisir, Calixte de Nigremont, alias Son Altesse S\u00e9r\u00e9nissime (ou l'inverse, on ne sait plus), reprend possession du Man\u00e8ge de Givet, avec la verve et le panache qu'on lui conna\u00eet, et qui nous plaisent tant.Notre fac\u00e9tieux Ma\u00eetre de c\u00e9r\u00e9monie sera le fil conducteur de cette soir\u00e9e au cours de laquelle vous pourrez d\u00e9couvrir la nouvelle saison culturelle du Man\u00e8ge, avec encore une fois son lot de surprises.La c\u00e9l\u00e8bre Compagnie Gipsy Raw nous fera, cette ann\u00e9e encore, l'honneur de nous offrir en exclusivit\u00e9, une partie de son nouveau spectacle, \u00e0 l'issu de sa r\u00e9sidence au Man\u00e8ge, o\u00f9 il aura \u00e9t\u00e9 cr\u00e9\u00e9 de toutes pi\u00e8ces.De belles surprises vous attendent encore cette ann\u00e9e !","og_url":"https:\/\/lemanegedegivet.fr\/?p=2757","og_site_name":"Le Man\u00e8ge","article_publisher":"https:\/\/www.facebook.com\/people\/Cinma-Spectacles-Le-Mange-GIVET\/61551363475246\/","article_published_time":"2025-08-30T12:58:17+00:00","article_modified_time":"2025-09-16T16:23:52+00:00","og_image":[{"width":1810,"height":2560,"url":"https:\/\/lemanegedegivet.fr\/wp-content\/uploads\/La-Degustation-Affiche-fond-scaled.jpg","type":"image\/jpeg"}],"author":"Manege","twitter_card":"summary_large_image","twitter_misc":{"\u00c9crit par":"Manege","Dur\u00e9e de lecture estim\u00e9e":"1 minute"},"schema":{"@context":"https:\/\/schema.org","@graph":[{"@type":"Article","@id":"https:\/\/lemanegedegivet.fr\/?p=2757#article","isPartOf":{"@id":"https:\/\/lemanegedegivet.fr\/?p=2757"},"author":{"name":"Manege","@id":"https:\/\/lemanegedegivet.fr\/#\/schema\/person\/79d89b4a6d10addbc758ee6996a554e1"},"headline":"LA D\u00c9GUSTATION","datePublished":"2025-08-30T12:58:17+00:00","dateModified":"2025-09-16T16:23:52+00:00","mainEntityOfPage":{"@id":"https:\/\/lemanegedegivet.fr\/?p=2757"},"wordCount":6,"publisher":{"@id":"https:\/\/lemanegedegivet.fr\/#organization"},"image":{"@id":"https:\/\/lemanegedegivet.fr\/?p=2757#primaryimage"},"thumbnailUrl":"https:\/\/lemanegedegivet.fr\/wp-content\/uploads\/La-Degustation-Affiche-fond-scaled.jpg","articleSection":["Spectacles"],"inLanguage":"fr-FR"},{"@type":"WebPage","@id":"https:\/\/lemanegedegivet.fr\/?p=2757","url":"https:\/\/lemanegedegivet.fr\/?p=2757","name":"LA D\u00c9GUSTATION - Le Man\u00e8ge","isPartOf":{"@id":"https:\/\/lemanegedegivet.fr\/#website"},"primaryImageOfPage":{"@id":"https:\/\/lemanegedegivet.fr\/?p=2757#primaryimage"},"image":{"@id":"https:\/\/lemanegedegivet.fr\/?p=2757#primaryimage"},"thumbnailUrl":"https:\/\/lemanegedegivet.fr\/wp-content\/uploads\/La-Degustation-Affiche-fond-scaled.jpg","datePublished":"2025-08-30T12:58:17+00:00","dateModified":"2025-09-16T16:23:52+00:00","description":"Samedi 13 septembre 2025 20h30. On ne change pas une \u00e9quipe qui gagne !Cette ann\u00e9e encore, pour notre plus grand plaisir, Calixte de Nigremont, alias Son Altesse S\u00e9r\u00e9nissime (ou l'inverse, on ne sait plus), reprend possession du Man\u00e8ge de Givet, avec la verve et le panache qu'on lui conna\u00eet, et qui nous plaisent tant.Notre fac\u00e9tieux Ma\u00eetre de c\u00e9r\u00e9monie sera le fil conducteur de cette soir\u00e9e au cours de laquelle vous pourrez d\u00e9couvrir la nouvelle saison culturelle du Man\u00e8ge, avec encore une fois son lot de surprises.La c\u00e9l\u00e8bre Compagnie Gipsy Raw nous fera, cette ann\u00e9e encore, l'honneur de nous offrir en exclusivit\u00e9, une partie de son nouveau spectacle, \u00e0 l'issu de sa r\u00e9sidence au Man\u00e8ge, o\u00f9 il aura \u00e9t\u00e9 cr\u00e9\u00e9 de toutes pi\u00e8ces.De belles surprises vous attendent encore cette ann\u00e9e !","breadcrumb":{"@id":"https:\/\/lemanegedegivet.fr\/?p=2757#breadcrumb"},"inLanguage":"fr-FR","potentialAction":[{"@type":"ReadAction","target":["https:\/\/lemanegedegivet.fr\/?p=2757"]}]},{"@type":"ImageObject","inLanguage":"fr-FR","@id":"https:\/\/lemanegedegivet.fr\/?p=2757#primaryimage","url":"https:\/\/lemanegedegivet.fr\/wp-content\/uploads\/La-Degustation-Affiche-fond-scaled.jpg","contentUrl":"https:\/\/lemanegedegivet.fr\/wp-content\/uploads\/La-Degustation-Affiche-fond-scaled.jpg","width":1810,"height":2560},{"@type":"BreadcrumbList","@id":"https:\/\/lemanegedegivet.fr\/?p=2757#breadcrumb","itemListElement":[{"@type":"ListItem","position":1,"name":"Accueil","item":"https:\/\/lemanegedegivet.fr\/"},{"@type":"ListItem","position":2,"name":"LA D\u00c9GUSTATION"}]},{"@type":"WebSite","@id":"https:\/\/lemanegedegivet.fr\/#website","url":"https:\/\/lemanegedegivet.fr\/","name":"Le Man\u00e8ge de Givet","description":"","publisher":{"@id":"https:\/\/lemanegedegivet.fr\/#organization"},"potentialAction":[{"@type":"SearchAction","target":{"@type":"EntryPoint","urlTemplate":"https:\/\/lemanegedegivet.fr\/?s={search_term_string}"},"query-input":{"@type":"PropertyValueSpecification","valueRequired":true,"valueName":"search_term_string"}}],"inLanguage":"fr-FR"},{"@type":"Organization","@id":"https:\/\/lemanegedegivet.fr\/#organization","name":"Le Man\u00e8ge de Givet","url":"https:\/\/lemanegedegivet.fr\/","logo":{"@type":"ImageObject","inLanguage":"fr-FR","@id":"https:\/\/lemanegedegivet.fr\/#\/schema\/logo\/image\/","url":"https:\/\/lemanegedegivet.fr\/wp-content\/uploads\/jours_1920.avif","contentUrl":"https:\/\/lemanegedegivet.fr\/wp-content\/uploads\/jours_1920.avif","width":1920,"height":1280,"caption":"Le Man\u00e8ge de Givet"},"image":{"@id":"https:\/\/lemanegedegivet.fr\/#\/schema\/logo\/image\/"},"sameAs":["https:\/\/www.facebook.com\/people\/Cinma-Spectacles-Le-Mange-GIVET\/61551363475246\/"]},{"@type":"Person","@id":"https:\/\/lemanegedegivet.fr\/#\/schema\/person\/79d89b4a6d10addbc758ee6996a554e1","name":"Manege","url":"https:\/\/lemanegedegivet.fr\/?author=3"}]}},"uagb_featured_image_src":{"full":["https:\/\/lemanegedegivet.fr\/wp-content\/uploads\/La-Degustation-Affiche-fond-scaled.jpg",1810,2560,false],"thumbnail":["https:\/\/lemanegedegivet.fr\/wp-content\/uploads\/La-Degustation-Affiche-fond-150x150.jpg",150,150,true],"medium":["https:\/\/lemanegedegivet.fr\/wp-content\/uploads\/La-Degustation-Affiche-fond-212x300.jpg",212,300,true],"medium_large":["https:\/\/lemanegedegivet.fr\/wp-content\/uploads\/La-Degustation-Affiche-fond-768x1086.jpg",768,1086,true],"large":["https:\/\/lemanegedegivet.fr\/wp-content\/uploads\/La-Degustation-Affiche-fond-724x1024.jpg",724,1024,true],"1536x1536":["https:\/\/lemanegedegivet.fr\/wp-content\/uploads\/La-Degustation-Affiche-fond-1086x1536.jpg",1086,1536,true],"2048x2048":["https:\/\/lemanegedegivet.fr\/wp-content\/uploads\/La-Degustation-Affiche-fond-1448x2048.jpg",1448,2048,true],"depicter-thumbnail":["https:\/\/lemanegedegivet.fr\/wp-content\/uploads\/La-Degustation-Affiche-fond-200x283.jpg",200,283,true]},"uagb_author_info":{"display_name":"Manege","author_link":"https:\/\/lemanegedegivet.fr\/?author=3"},"uagb_comment_info":0,"uagb_excerpt":"Une pi\u00e8ce comique, \u00e0 venir voir au Man\u00e8ge de Givet, le 29 novembre 2025 \u00e0 20h30.","publishpress_future_action":{"enabled":false,"date":"2026-05-09 03:22:03","action":"change-status","newStatus":"draft","terms":[],"taxonomy":"category","extraData":[]},"publishpress_future_workflow_manual_trigger":{"enabledWorkflows":[]},"_links":{"self":[{"href":"https:\/\/lemanegedegivet.fr\/index.php?rest_route=\/wp\/v2\/posts\/2757","targetHints":{"allow":["GET"]}}],"collection":[{"href":"https:\/\/lemanegedegivet.fr\/index.php?rest_route=\/wp\/v2\/posts"}],"about":[{"href":"https:\/\/lemanegedegivet.fr\/index.php?rest_route=\/wp\/v2\/types\/post"}],"author":[{"embeddable":true,"href":"https:\/\/lemanegedegivet.fr\/index.php?rest_route=\/wp\/v2\/users\/3"}],"replies":[{"embeddable":true,"href":"https:\/\/lemanegedegivet.fr\/index.php?rest_route=%2Fwp%2Fv2%2Fcomments&post=2757"}],"version-history":[{"count":7,"href":"https:\/\/lemanegedegivet.fr\/index.php?rest_route=\/wp\/v2\/posts\/2757\/revisions"}],"predecessor-version":[{"id":3022,"href":"https:\/\/lemanegedegivet.fr\/index.php?rest_route=\/wp\/v2\/posts\/2757\/revisions\/3022"}],"wp:featuredmedia":[{"embeddable":true,"href":"https:\/\/lemanegedegivet.fr\/index.php?rest_route=\/wp\/v2\/media\/2790"}],"wp:attachment":[{"href":"https:\/\/lemanegedegivet.fr\/index.php?rest_route=%2Fwp%2Fv2%2Fmedia&parent=2757"}],"wp:term":[{"taxonomy":"category","embeddable":true,"href":"https:\/\/lemanegedegivet.fr\/index.php?rest_route=%2Fwp%2Fv2%2Fcategories&post=2757"},{"taxonomy":"post_tag","embeddable":true,"href":"https:\/\/lemanegedegivet.fr\/index.php?rest_route=%2Fwp%2Fv2%2Ftags&post=2757"}],"curies":[{"name":"wp","href":"https:\/\/api.w.org\/{rel}","templated":true}]}}