{"id":2778,"date":"2025-08-30T14:59:27","date_gmt":"2025-08-30T12:59:27","guid":{"rendered":"https:\/\/lemanegedegivet.fr\/?p=2778"},"modified":"2025-09-16T18:20:23","modified_gmt":"2025-09-16T16:20:23","slug":"la-cagnotte","status":"publish","type":"post","link":"https:\/\/lemanegedegivet.fr\/?p=2778","title":{"rendered":"LA CAGNOTTE"},"content":{"rendered":"\n<div class=\"wp-block-uagb-container uagb-block-edfa65fa alignfull uagb-is-root-container\"><div class=\"uagb-container-inner-blocks-wrap\">\n<div class=\"wp-block-columns is-layout-flex wp-container-core-columns-is-layout-28f84493 wp-block-columns-is-layout-flex\">\n<div class=\"wp-block-column is-layout-flow wp-block-column-is-layout-flow\" style=\"padding-right:var(--wp--preset--spacing--10);padding-left:var(--wp--preset--spacing--10);flex-basis:33.33%\">\n<div style=\"height:30px\" aria-hidden=\"true\" class=\"wp-block-spacer\"><\/div>\n\n\n\n<h2 class=\"wp-block-heading has-text-align-center\" style=\"text-transform:capitalize\">Vendredi 7 novembre 2025<\/h2>\n\n\n\n<h3 class=\"wp-block-heading has-text-align-center\"><strong>20h30<\/strong><\/h3>\n\n\n<figure class=\"wp-block-post-featured-image\"><img loading=\"lazy\" decoding=\"async\" width=\"412\" height=\"619\" src=\"https:\/\/lemanegedegivet.fr\/wp-content\/uploads\/La-cagnotte.png\" class=\"attachment-post-thumbnail size-post-thumbnail wp-post-image\" alt=\"\" style=\"object-fit:cover;\" srcset=\"https:\/\/lemanegedegivet.fr\/wp-content\/uploads\/La-cagnotte.png 412w, https:\/\/lemanegedegivet.fr\/wp-content\/uploads\/La-cagnotte-200x300.png 200w\" sizes=\"auto, (max-width: 412px) 100vw, 412px\" \/><\/figure>\n\n\n<figure class=\"wp-block-embed is-type-video is-provider-youtube wp-block-embed-youtube wp-embed-aspect-16-9 wp-has-aspect-ratio\"><div class=\"wp-block-embed__wrapper\">\n<iframe loading=\"lazy\" title=\"Teaser La cagnotte Lucernaire\" width=\"500\" height=\"281\" src=\"https:\/\/www.youtube.com\/embed\/FVgiA4j8THs?feature=oembed\" frameborder=\"0\" allow=\"accelerometer; autoplay; clipboard-write; encrypted-media; gyroscope; picture-in-picture; web-share\" referrerpolicy=\"strict-origin-when-cross-origin\" allowfullscreen><\/iframe>\n<\/div><\/figure>\n<\/div>\n\n\n\n<div class=\"wp-block-column has-global-padding is-layout-constrained wp-block-column-is-layout-constrained\" style=\"flex-basis:66.66%\">\n<div class=\"wp-block-group has-global-padding is-layout-constrained wp-block-group-is-layout-constrained\">\n<div class=\"wp-block-uagb-container uagb-block-362ad794\"><h2 style=\"font-style:normal;font-weight:200;text-transform:capitalize; padding-right:0;padding-left:0;padding-top:0;padding-bottom:0;\" class=\"has-text-align-center has-link-color wp-elements-f132e1dda9caa6eb2954b204c94a0a26 wp-block-post-title has-text-color has-accent-3-color has-montserrat-font-family\">LA CAGNOTTE<\/h2>\n\n\n<figure class=\"wp-block-gallery has-nested-images columns-default is-cropped wp-block-gallery-1 is-layout-flex wp-block-gallery-is-layout-flex\">\n<figure class=\"wp-block-image size-large\"><img loading=\"lazy\" decoding=\"async\" width=\"1024\" height=\"617\" data-id=\"2785\" src=\"https:\/\/lemanegedegivet.fr\/wp-content\/uploads\/cagnotte-1-1024x617.jpg\" alt=\"\" class=\"wp-image-2785\" srcset=\"https:\/\/lemanegedegivet.fr\/wp-content\/uploads\/cagnotte-1-1024x617.jpg 1024w, https:\/\/lemanegedegivet.fr\/wp-content\/uploads\/cagnotte-1-300x181.jpg 300w, https:\/\/lemanegedegivet.fr\/wp-content\/uploads\/cagnotte-1-768x463.jpg 768w, https:\/\/lemanegedegivet.fr\/wp-content\/uploads\/cagnotte-1-200x120.jpg 200w, https:\/\/lemanegedegivet.fr\/wp-content\/uploads\/cagnotte-1.jpg 1456w\" sizes=\"auto, (max-width: 1024px) 100vw, 1024px\" \/><\/figure>\n\n\n\n<figure class=\"wp-block-image size-large\"><img loading=\"lazy\" decoding=\"async\" width=\"1024\" height=\"547\" data-id=\"2781\" src=\"https:\/\/lemanegedegivet.fr\/wp-content\/uploads\/cagnotte-56-Photos@Shawn-Berdah-1024x547.jpg\" alt=\"\" class=\"wp-image-2781\" srcset=\"https:\/\/lemanegedegivet.fr\/wp-content\/uploads\/cagnotte-56-Photos@Shawn-Berdah-1024x547.jpg 1024w, https:\/\/lemanegedegivet.fr\/wp-content\/uploads\/cagnotte-56-Photos@Shawn-Berdah-300x160.jpg 300w, https:\/\/lemanegedegivet.fr\/wp-content\/uploads\/cagnotte-56-Photos@Shawn-Berdah-768x410.jpg 768w, https:\/\/lemanegedegivet.fr\/wp-content\/uploads\/cagnotte-56-Photos@Shawn-Berdah-1536x820.jpg 1536w, https:\/\/lemanegedegivet.fr\/wp-content\/uploads\/cagnotte-56-Photos@Shawn-Berdah-2048x1094.jpg 2048w, https:\/\/lemanegedegivet.fr\/wp-content\/uploads\/cagnotte-56-Photos@Shawn-Berdah-200x107.jpg 200w\" sizes=\"auto, (max-width: 1024px) 100vw, 1024px\" \/><\/figure>\n\n\n\n<figure class=\"wp-block-image size-large\"><img loading=\"lazy\" decoding=\"async\" width=\"567\" height=\"378\" data-id=\"2786\" src=\"https:\/\/lemanegedegivet.fr\/wp-content\/uploads\/cagnotte-21.jpg\" alt=\"\" class=\"wp-image-2786\" srcset=\"https:\/\/lemanegedegivet.fr\/wp-content\/uploads\/cagnotte-21.jpg 567w, https:\/\/lemanegedegivet.fr\/wp-content\/uploads\/cagnotte-21-300x200.jpg 300w, https:\/\/lemanegedegivet.fr\/wp-content\/uploads\/cagnotte-21-200x133.jpg 200w\" sizes=\"auto, (max-width: 567px) 100vw, 567px\" \/><\/figure>\n<\/figure>\n\n\n\n<pre class=\"wp-block-preformatted has-montserrat-font-family has-medium-font-size\"><strong>LE SPECTACLE<\/strong><br>Des notables de la Fert\u00e9 sous Jouarre, ayant une cagnotte \u00e0 d\u00e9penser, s'offrent un voyage d'une journ\u00e9e \u00e0 Paris, mais, par un encha\u00eenement de m\u00e9prises, et de quiproquos dont le c\u00e9l\u00e8bre auteur Eug\u00e8ne Labiche a le secret, l'excursion vire au cauchemar. Victimes d'une erreur judiciaire, ils parviennent \u00e0 s'\u00e9vader du fourgon qui les transf\u00e8re \u00e0 la prison, en plein carnaval de mardi gras. Flou\u00e9s, d\u00e9pouill\u00e9s de leurs effets personnels et de leur argent, recherch\u00e9s par la police, nos dignes repr\u00e9sentants de la bourgeoisie provinciale vont devoir survivre et trouver le moyen de laver leur honneur, afin de peut-\u00eatre, un jour, revoir la Fert\u00e9 sous Jouarre.<br><br>\u00ab F\u00e9licitations !TT. \u00bb T\u00c9L\u00c9RAMA<br>\u00ab Une troupe \u00e0 la mesure de cette pi\u00e8ce\u00bb L'HUMANIT\u00c9<br><br><strong>DUR\u00c9E : 85 minutes<\/strong><br><br><strong>DISTRIBUTION<\/strong><br>Thierry JAHN, Xavier FAGNON, Christophe LEMOINE, Meaghan DENDRA\u00cbL, C\u00e9line RONT\u00c9 ou Barbara TISSIER, Vincent ROPION<br><br><strong>Mise en sc\u00e8ne et Musiques :<\/strong> Thierry JAHN<br><br><strong>NOTE D\u2019INTENTION<\/strong> (Thierry Jahn)<br>Mon souhait a \u00e9t\u00e9 de laisser la place aux multiples r\u00e9sonances de cette com\u00e9die de m\u0153urs, tout en suivant le rythme infernal impos\u00e9 par Labiche, c'est-\u00e0-dire, tout en \u00e9tant au service de la d\u00e9bauche d'inventions, de proc\u00e9d\u00e9s comiques, de rebondissements dont il use. \u00ab Le th\u00e9\u00e2tre est le d\u00e9sordre incarn\u00e9 \u00bb disait Jouvet. Les personnages se r\u00e9v\u00e8lent \u00e0 la lumi\u00e8re de ces circonstances impr\u00e9visibles, tant\u00f4t grotesques, tant\u00f4t touchants. Leur vanit\u00e9, leur l\u00e2chet\u00e9 se font jour, mais en m\u00eame temps, ils cachent une f\u00ealure, ils aspirent \u00e0 l'amour, ils ont soif d'absolu. Labiche ne cherche pas \u00e0 changer la soci\u00e9t\u00e9, il se contente de la raconter \u00e0 ceux-l\u00e0 m\u00eame qui la composent, et il nous invite \u00e0 en rire franchement avec lui. Alors, place \u00e0 la com\u00e9die, au burlesque, \u00e0 la po\u00e9sie et \u00e0 la musique !<br><br>\ud835\udc45\ud835\udc52\u0301\ud835\udc60\ud835\udc52\ud835\udc5f\ud835\udc63\ud835\udc4e\ud835\udc61\ud835\udc56\ud835\udc5c\ud835\udc5b \ud835\udc60\ud835\udc62\ud835\udc5f \ud835\udc5d\ud835\udc59\ud835\udc4e\ud835\udc50\ud835\udc52 \ud835\udc5c\ud835\udc62 \ud835\udc5d\ud835\udc4e\ud835\udc5f \ud835\udc61\ud835\udc52\u0301\ud835\udc59\ud835\udc52\u0301\ud835\udc5d\u210e\ud835\udc5c\ud835\udc5b\ud835\udc52 \ud835\udc4e\ud835\udc62 \ud835\udfce\ud835\udfd7 \ud835\udfd5\ud835\udfcf \ud835\udfd3\ud835\udfd6 \ud835\udfd3\ud835\udfd7 \ud835\udfd2\ud835\udfd5<br><br>TARIFS cat\u00e9gorie B                  <br>Plein : 25\u20ac       R\u00e9duit : 15\u20ac       -14 ans : 10\u20ac<\/pre>\n<\/div>\n<\/div>\n<\/div>\n<\/div>\n<\/div><\/div>\n","protected":false},"excerpt":{"rendered":"<p>Une pi\u00e8ce burlesque, \u00e0 venir voir au Man\u00e8ge de Givet, le 7 novembre 2025 \u00e0 20h30.<\/p>\n","protected":false},"author":3,"featured_media":2782,"comment_status":"closed","ping_status":"closed","sticky":false,"template":"spectacles","format":"standard","meta":{"inline_featured_image":false,"_uag_custom_page_level_css":"","footnotes":""},"categories":[9],"tags":[],"class_list":["post-2778","post","type-post","status-publish","format-standard","has-post-thumbnail","hentry","category-spectacles"],"yoast_head":"<!-- This site is optimized with the Yoast SEO plugin v25.8 - https:\/\/yoast.com\/wordpress\/plugins\/seo\/ -->\n<title>LA CAGNOTTE - Le Man\u00e8ge<\/title>\n<meta name=\"description\" content=\"Samedi 13 septembre 2025 20h30. On ne change pas une \u00e9quipe qui gagne !Cette ann\u00e9e encore, pour notre plus grand plaisir, Calixte de Nigremont, alias Son Altesse S\u00e9r\u00e9nissime (ou l&#039;inverse, on ne sait plus), reprend possession du Man\u00e8ge de Givet, avec la verve et le panache qu&#039;on lui conna\u00eet, et qui nous plaisent tant.Notre fac\u00e9tieux Ma\u00eetre de c\u00e9r\u00e9monie sera le fil conducteur de cette soir\u00e9e au cours de laquelle vous pourrez d\u00e9couvrir la nouvelle saison culturelle du Man\u00e8ge, avec encore une fois son lot de surprises.La c\u00e9l\u00e8bre Compagnie Gipsy Raw nous fera, cette ann\u00e9e encore, l&#039;honneur de nous offrir en exclusivit\u00e9, une partie de son nouveau spectacle, \u00e0 l&#039;issu de sa r\u00e9sidence au Man\u00e8ge, o\u00f9 il aura \u00e9t\u00e9 cr\u00e9\u00e9 de toutes pi\u00e8ces.De belles surprises vous attendent encore cette ann\u00e9e !\" \/>\n<meta name=\"robots\" content=\"index, follow, max-snippet:-1, max-image-preview:large, max-video-preview:-1\" \/>\n<link rel=\"canonical\" href=\"https:\/\/lemanegedegivet.fr\/?p=2778\" \/>\n<meta property=\"og:locale\" content=\"fr_FR\" \/>\n<meta property=\"og:type\" content=\"article\" \/>\n<meta property=\"og:title\" content=\"LA CAGNOTTE - Le Man\u00e8ge\" \/>\n<meta property=\"og:description\" content=\"Samedi 13 septembre 2025 20h30. On ne change pas une \u00e9quipe qui gagne !Cette ann\u00e9e encore, pour notre plus grand plaisir, Calixte de Nigremont, alias Son Altesse S\u00e9r\u00e9nissime (ou l&#039;inverse, on ne sait plus), reprend possession du Man\u00e8ge de Givet, avec la verve et le panache qu&#039;on lui conna\u00eet, et qui nous plaisent tant.Notre fac\u00e9tieux Ma\u00eetre de c\u00e9r\u00e9monie sera le fil conducteur de cette soir\u00e9e au cours de laquelle vous pourrez d\u00e9couvrir la nouvelle saison culturelle du Man\u00e8ge, avec encore une fois son lot de surprises.La c\u00e9l\u00e8bre Compagnie Gipsy Raw nous fera, cette ann\u00e9e encore, l&#039;honneur de nous offrir en exclusivit\u00e9, une partie de son nouveau spectacle, \u00e0 l&#039;issu de sa r\u00e9sidence au Man\u00e8ge, o\u00f9 il aura \u00e9t\u00e9 cr\u00e9\u00e9 de toutes pi\u00e8ces.De belles surprises vous attendent encore cette ann\u00e9e !\" \/>\n<meta property=\"og:url\" content=\"https:\/\/lemanegedegivet.fr\/?p=2778\" \/>\n<meta property=\"og:site_name\" content=\"Le Man\u00e8ge\" \/>\n<meta property=\"article:publisher\" content=\"https:\/\/www.facebook.com\/people\/Cinma-Spectacles-Le-Mange-GIVET\/61551363475246\/\" \/>\n<meta property=\"article:published_time\" content=\"2025-08-30T12:59:27+00:00\" \/>\n<meta property=\"article:modified_time\" content=\"2025-09-16T16:20:23+00:00\" \/>\n<meta property=\"og:image\" content=\"https:\/\/lemanegedegivet.fr\/wp-content\/uploads\/La-cagnotte.png\" \/>\n\t<meta property=\"og:image:width\" content=\"412\" \/>\n\t<meta property=\"og:image:height\" content=\"619\" \/>\n\t<meta property=\"og:image:type\" content=\"image\/png\" \/>\n<meta name=\"author\" content=\"Manege\" \/>\n<meta name=\"twitter:card\" content=\"summary_large_image\" \/>\n<meta name=\"twitter:label1\" content=\"\u00c9crit par\" \/>\n\t<meta name=\"twitter:data1\" content=\"Manege\" \/>\n\t<meta name=\"twitter:label2\" content=\"Dur\u00e9e de lecture estim\u00e9e\" \/>\n\t<meta name=\"twitter:data2\" content=\"1 minute\" \/>\n<script type=\"application\/ld+json\" class=\"yoast-schema-graph\">{\"@context\":\"https:\/\/schema.org\",\"@graph\":[{\"@type\":\"Article\",\"@id\":\"https:\/\/lemanegedegivet.fr\/?p=2778#article\",\"isPartOf\":{\"@id\":\"https:\/\/lemanegedegivet.fr\/?p=2778\"},\"author\":{\"name\":\"Manege\",\"@id\":\"https:\/\/lemanegedegivet.fr\/#\/schema\/person\/79d89b4a6d10addbc758ee6996a554e1\"},\"headline\":\"LA CAGNOTTE\",\"datePublished\":\"2025-08-30T12:59:27+00:00\",\"dateModified\":\"2025-09-16T16:20:23+00:00\",\"mainEntityOfPage\":{\"@id\":\"https:\/\/lemanegedegivet.fr\/?p=2778\"},\"wordCount\":11,\"publisher\":{\"@id\":\"https:\/\/lemanegedegivet.fr\/#organization\"},\"image\":{\"@id\":\"https:\/\/lemanegedegivet.fr\/?p=2778#primaryimage\"},\"thumbnailUrl\":\"https:\/\/lemanegedegivet.fr\/wp-content\/uploads\/La-cagnotte.png\",\"articleSection\":[\"Spectacles\"],\"inLanguage\":\"fr-FR\"},{\"@type\":\"WebPage\",\"@id\":\"https:\/\/lemanegedegivet.fr\/?p=2778\",\"url\":\"https:\/\/lemanegedegivet.fr\/?p=2778\",\"name\":\"LA CAGNOTTE - Le Man\u00e8ge\",\"isPartOf\":{\"@id\":\"https:\/\/lemanegedegivet.fr\/#website\"},\"primaryImageOfPage\":{\"@id\":\"https:\/\/lemanegedegivet.fr\/?p=2778#primaryimage\"},\"image\":{\"@id\":\"https:\/\/lemanegedegivet.fr\/?p=2778#primaryimage\"},\"thumbnailUrl\":\"https:\/\/lemanegedegivet.fr\/wp-content\/uploads\/La-cagnotte.png\",\"datePublished\":\"2025-08-30T12:59:27+00:00\",\"dateModified\":\"2025-09-16T16:20:23+00:00\",\"description\":\"Samedi 13 septembre 2025 20h30. On ne change pas une \u00e9quipe qui gagne !Cette ann\u00e9e encore, pour notre plus grand plaisir, Calixte de Nigremont, alias Son Altesse S\u00e9r\u00e9nissime (ou l'inverse, on ne sait plus), reprend possession du Man\u00e8ge de Givet, avec la verve et le panache qu'on lui conna\u00eet, et qui nous plaisent tant.Notre fac\u00e9tieux Ma\u00eetre de c\u00e9r\u00e9monie sera le fil conducteur de cette soir\u00e9e au cours de laquelle vous pourrez d\u00e9couvrir la nouvelle saison culturelle du Man\u00e8ge, avec encore une fois son lot de surprises.La c\u00e9l\u00e8bre Compagnie Gipsy Raw nous fera, cette ann\u00e9e encore, l'honneur de nous offrir en exclusivit\u00e9, une partie de son nouveau spectacle, \u00e0 l'issu de sa r\u00e9sidence au Man\u00e8ge, o\u00f9 il aura \u00e9t\u00e9 cr\u00e9\u00e9 de toutes pi\u00e8ces.De belles surprises vous attendent encore cette ann\u00e9e !\",\"breadcrumb\":{\"@id\":\"https:\/\/lemanegedegivet.fr\/?p=2778#breadcrumb\"},\"inLanguage\":\"fr-FR\",\"potentialAction\":[{\"@type\":\"ReadAction\",\"target\":[\"https:\/\/lemanegedegivet.fr\/?p=2778\"]}]},{\"@type\":\"ImageObject\",\"inLanguage\":\"fr-FR\",\"@id\":\"https:\/\/lemanegedegivet.fr\/?p=2778#primaryimage\",\"url\":\"https:\/\/lemanegedegivet.fr\/wp-content\/uploads\/La-cagnotte.png\",\"contentUrl\":\"https:\/\/lemanegedegivet.fr\/wp-content\/uploads\/La-cagnotte.png\",\"width\":412,\"height\":619},{\"@type\":\"BreadcrumbList\",\"@id\":\"https:\/\/lemanegedegivet.fr\/?p=2778#breadcrumb\",\"itemListElement\":[{\"@type\":\"ListItem\",\"position\":1,\"name\":\"Accueil\",\"item\":\"https:\/\/lemanegedegivet.fr\/\"},{\"@type\":\"ListItem\",\"position\":2,\"name\":\"LA CAGNOTTE\"}]},{\"@type\":\"WebSite\",\"@id\":\"https:\/\/lemanegedegivet.fr\/#website\",\"url\":\"https:\/\/lemanegedegivet.fr\/\",\"name\":\"Le Man\u00e8ge de Givet\",\"description\":\"\",\"publisher\":{\"@id\":\"https:\/\/lemanegedegivet.fr\/#organization\"},\"potentialAction\":[{\"@type\":\"SearchAction\",\"target\":{\"@type\":\"EntryPoint\",\"urlTemplate\":\"https:\/\/lemanegedegivet.fr\/?s={search_term_string}\"},\"query-input\":{\"@type\":\"PropertyValueSpecification\",\"valueRequired\":true,\"valueName\":\"search_term_string\"}}],\"inLanguage\":\"fr-FR\"},{\"@type\":\"Organization\",\"@id\":\"https:\/\/lemanegedegivet.fr\/#organization\",\"name\":\"Le Man\u00e8ge de Givet\",\"url\":\"https:\/\/lemanegedegivet.fr\/\",\"logo\":{\"@type\":\"ImageObject\",\"inLanguage\":\"fr-FR\",\"@id\":\"https:\/\/lemanegedegivet.fr\/#\/schema\/logo\/image\/\",\"url\":\"https:\/\/lemanegedegivet.fr\/wp-content\/uploads\/jours_1920.avif\",\"contentUrl\":\"https:\/\/lemanegedegivet.fr\/wp-content\/uploads\/jours_1920.avif\",\"width\":1920,\"height\":1280,\"caption\":\"Le Man\u00e8ge de Givet\"},\"image\":{\"@id\":\"https:\/\/lemanegedegivet.fr\/#\/schema\/logo\/image\/\"},\"sameAs\":[\"https:\/\/www.facebook.com\/people\/Cinma-Spectacles-Le-Mange-GIVET\/61551363475246\/\"]},{\"@type\":\"Person\",\"@id\":\"https:\/\/lemanegedegivet.fr\/#\/schema\/person\/79d89b4a6d10addbc758ee6996a554e1\",\"name\":\"Manege\",\"url\":\"https:\/\/lemanegedegivet.fr\/?author=3\"}]}<\/script>\n<!-- \/ Yoast SEO plugin. -->","yoast_head_json":{"title":"LA CAGNOTTE - Le Man\u00e8ge","description":"Samedi 13 septembre 2025 20h30. On ne change pas une \u00e9quipe qui gagne !Cette ann\u00e9e encore, pour notre plus grand plaisir, Calixte de Nigremont, alias Son Altesse S\u00e9r\u00e9nissime (ou l'inverse, on ne sait plus), reprend possession du Man\u00e8ge de Givet, avec la verve et le panache qu'on lui conna\u00eet, et qui nous plaisent tant.Notre fac\u00e9tieux Ma\u00eetre de c\u00e9r\u00e9monie sera le fil conducteur de cette soir\u00e9e au cours de laquelle vous pourrez d\u00e9couvrir la nouvelle saison culturelle du Man\u00e8ge, avec encore une fois son lot de surprises.La c\u00e9l\u00e8bre Compagnie Gipsy Raw nous fera, cette ann\u00e9e encore, l'honneur de nous offrir en exclusivit\u00e9, une partie de son nouveau spectacle, \u00e0 l'issu de sa r\u00e9sidence au Man\u00e8ge, o\u00f9 il aura \u00e9t\u00e9 cr\u00e9\u00e9 de toutes pi\u00e8ces.De belles surprises vous attendent encore cette ann\u00e9e !","robots":{"index":"index","follow":"follow","max-snippet":"max-snippet:-1","max-image-preview":"max-image-preview:large","max-video-preview":"max-video-preview:-1"},"canonical":"https:\/\/lemanegedegivet.fr\/?p=2778","og_locale":"fr_FR","og_type":"article","og_title":"LA CAGNOTTE - Le Man\u00e8ge","og_description":"Samedi 13 septembre 2025 20h30. On ne change pas une \u00e9quipe qui gagne !Cette ann\u00e9e encore, pour notre plus grand plaisir, Calixte de Nigremont, alias Son Altesse S\u00e9r\u00e9nissime (ou l'inverse, on ne sait plus), reprend possession du Man\u00e8ge de Givet, avec la verve et le panache qu'on lui conna\u00eet, et qui nous plaisent tant.Notre fac\u00e9tieux Ma\u00eetre de c\u00e9r\u00e9monie sera le fil conducteur de cette soir\u00e9e au cours de laquelle vous pourrez d\u00e9couvrir la nouvelle saison culturelle du Man\u00e8ge, avec encore une fois son lot de surprises.La c\u00e9l\u00e8bre Compagnie Gipsy Raw nous fera, cette ann\u00e9e encore, l'honneur de nous offrir en exclusivit\u00e9, une partie de son nouveau spectacle, \u00e0 l'issu de sa r\u00e9sidence au Man\u00e8ge, o\u00f9 il aura \u00e9t\u00e9 cr\u00e9\u00e9 de toutes pi\u00e8ces.De belles surprises vous attendent encore cette ann\u00e9e !","og_url":"https:\/\/lemanegedegivet.fr\/?p=2778","og_site_name":"Le Man\u00e8ge","article_publisher":"https:\/\/www.facebook.com\/people\/Cinma-Spectacles-Le-Mange-GIVET\/61551363475246\/","article_published_time":"2025-08-30T12:59:27+00:00","article_modified_time":"2025-09-16T16:20:23+00:00","og_image":[{"width":412,"height":619,"url":"https:\/\/lemanegedegivet.fr\/wp-content\/uploads\/La-cagnotte.png","type":"image\/png"}],"author":"Manege","twitter_card":"summary_large_image","twitter_misc":{"\u00c9crit par":"Manege","Dur\u00e9e de lecture estim\u00e9e":"1 minute"},"schema":{"@context":"https:\/\/schema.org","@graph":[{"@type":"Article","@id":"https:\/\/lemanegedegivet.fr\/?p=2778#article","isPartOf":{"@id":"https:\/\/lemanegedegivet.fr\/?p=2778"},"author":{"name":"Manege","@id":"https:\/\/lemanegedegivet.fr\/#\/schema\/person\/79d89b4a6d10addbc758ee6996a554e1"},"headline":"LA CAGNOTTE","datePublished":"2025-08-30T12:59:27+00:00","dateModified":"2025-09-16T16:20:23+00:00","mainEntityOfPage":{"@id":"https:\/\/lemanegedegivet.fr\/?p=2778"},"wordCount":11,"publisher":{"@id":"https:\/\/lemanegedegivet.fr\/#organization"},"image":{"@id":"https:\/\/lemanegedegivet.fr\/?p=2778#primaryimage"},"thumbnailUrl":"https:\/\/lemanegedegivet.fr\/wp-content\/uploads\/La-cagnotte.png","articleSection":["Spectacles"],"inLanguage":"fr-FR"},{"@type":"WebPage","@id":"https:\/\/lemanegedegivet.fr\/?p=2778","url":"https:\/\/lemanegedegivet.fr\/?p=2778","name":"LA CAGNOTTE - Le Man\u00e8ge","isPartOf":{"@id":"https:\/\/lemanegedegivet.fr\/#website"},"primaryImageOfPage":{"@id":"https:\/\/lemanegedegivet.fr\/?p=2778#primaryimage"},"image":{"@id":"https:\/\/lemanegedegivet.fr\/?p=2778#primaryimage"},"thumbnailUrl":"https:\/\/lemanegedegivet.fr\/wp-content\/uploads\/La-cagnotte.png","datePublished":"2025-08-30T12:59:27+00:00","dateModified":"2025-09-16T16:20:23+00:00","description":"Samedi 13 septembre 2025 20h30. On ne change pas une \u00e9quipe qui gagne !Cette ann\u00e9e encore, pour notre plus grand plaisir, Calixte de Nigremont, alias Son Altesse S\u00e9r\u00e9nissime (ou l'inverse, on ne sait plus), reprend possession du Man\u00e8ge de Givet, avec la verve et le panache qu'on lui conna\u00eet, et qui nous plaisent tant.Notre fac\u00e9tieux Ma\u00eetre de c\u00e9r\u00e9monie sera le fil conducteur de cette soir\u00e9e au cours de laquelle vous pourrez d\u00e9couvrir la nouvelle saison culturelle du Man\u00e8ge, avec encore une fois son lot de surprises.La c\u00e9l\u00e8bre Compagnie Gipsy Raw nous fera, cette ann\u00e9e encore, l'honneur de nous offrir en exclusivit\u00e9, une partie de son nouveau spectacle, \u00e0 l'issu de sa r\u00e9sidence au Man\u00e8ge, o\u00f9 il aura \u00e9t\u00e9 cr\u00e9\u00e9 de toutes pi\u00e8ces.De belles surprises vous attendent encore cette ann\u00e9e !","breadcrumb":{"@id":"https:\/\/lemanegedegivet.fr\/?p=2778#breadcrumb"},"inLanguage":"fr-FR","potentialAction":[{"@type":"ReadAction","target":["https:\/\/lemanegedegivet.fr\/?p=2778"]}]},{"@type":"ImageObject","inLanguage":"fr-FR","@id":"https:\/\/lemanegedegivet.fr\/?p=2778#primaryimage","url":"https:\/\/lemanegedegivet.fr\/wp-content\/uploads\/La-cagnotte.png","contentUrl":"https:\/\/lemanegedegivet.fr\/wp-content\/uploads\/La-cagnotte.png","width":412,"height":619},{"@type":"BreadcrumbList","@id":"https:\/\/lemanegedegivet.fr\/?p=2778#breadcrumb","itemListElement":[{"@type":"ListItem","position":1,"name":"Accueil","item":"https:\/\/lemanegedegivet.fr\/"},{"@type":"ListItem","position":2,"name":"LA CAGNOTTE"}]},{"@type":"WebSite","@id":"https:\/\/lemanegedegivet.fr\/#website","url":"https:\/\/lemanegedegivet.fr\/","name":"Le Man\u00e8ge de Givet","description":"","publisher":{"@id":"https:\/\/lemanegedegivet.fr\/#organization"},"potentialAction":[{"@type":"SearchAction","target":{"@type":"EntryPoint","urlTemplate":"https:\/\/lemanegedegivet.fr\/?s={search_term_string}"},"query-input":{"@type":"PropertyValueSpecification","valueRequired":true,"valueName":"search_term_string"}}],"inLanguage":"fr-FR"},{"@type":"Organization","@id":"https:\/\/lemanegedegivet.fr\/#organization","name":"Le Man\u00e8ge de Givet","url":"https:\/\/lemanegedegivet.fr\/","logo":{"@type":"ImageObject","inLanguage":"fr-FR","@id":"https:\/\/lemanegedegivet.fr\/#\/schema\/logo\/image\/","url":"https:\/\/lemanegedegivet.fr\/wp-content\/uploads\/jours_1920.avif","contentUrl":"https:\/\/lemanegedegivet.fr\/wp-content\/uploads\/jours_1920.avif","width":1920,"height":1280,"caption":"Le Man\u00e8ge de Givet"},"image":{"@id":"https:\/\/lemanegedegivet.fr\/#\/schema\/logo\/image\/"},"sameAs":["https:\/\/www.facebook.com\/people\/Cinma-Spectacles-Le-Mange-GIVET\/61551363475246\/"]},{"@type":"Person","@id":"https:\/\/lemanegedegivet.fr\/#\/schema\/person\/79d89b4a6d10addbc758ee6996a554e1","name":"Manege","url":"https:\/\/lemanegedegivet.fr\/?author=3"}]}},"uagb_featured_image_src":{"full":["https:\/\/lemanegedegivet.fr\/wp-content\/uploads\/La-cagnotte.png",412,619,false],"thumbnail":["https:\/\/lemanegedegivet.fr\/wp-content\/uploads\/La-cagnotte-150x150.png",150,150,true],"medium":["https:\/\/lemanegedegivet.fr\/wp-content\/uploads\/La-cagnotte-200x300.png",200,300,true],"medium_large":["https:\/\/lemanegedegivet.fr\/wp-content\/uploads\/La-cagnotte.png",412,619,false],"large":["https:\/\/lemanegedegivet.fr\/wp-content\/uploads\/La-cagnotte.png",412,619,false],"1536x1536":["https:\/\/lemanegedegivet.fr\/wp-content\/uploads\/La-cagnotte.png",412,619,false],"2048x2048":["https:\/\/lemanegedegivet.fr\/wp-content\/uploads\/La-cagnotte.png",412,619,false],"depicter-thumbnail":["https:\/\/lemanegedegivet.fr\/wp-content\/uploads\/La-cagnotte-200x300.png",200,300,true]},"uagb_author_info":{"display_name":"Manege","author_link":"https:\/\/lemanegedegivet.fr\/?author=3"},"uagb_comment_info":0,"uagb_excerpt":"Une pi\u00e8ce burlesque, \u00e0 venir voir au Man\u00e8ge de Givet, le 7 novembre 2025 \u00e0 20h30.","publishpress_future_action":{"enabled":false,"date":"2026-05-09 13:22:27","action":"change-status","newStatus":"draft","terms":[],"taxonomy":"category","extraData":[]},"publishpress_future_workflow_manual_trigger":{"enabledWorkflows":[]},"_links":{"self":[{"href":"https:\/\/lemanegedegivet.fr\/index.php?rest_route=\/wp\/v2\/posts\/2778","targetHints":{"allow":["GET"]}}],"collection":[{"href":"https:\/\/lemanegedegivet.fr\/index.php?rest_route=\/wp\/v2\/posts"}],"about":[{"href":"https:\/\/lemanegedegivet.fr\/index.php?rest_route=\/wp\/v2\/types\/post"}],"author":[{"embeddable":true,"href":"https:\/\/lemanegedegivet.fr\/index.php?rest_route=\/wp\/v2\/users\/3"}],"replies":[{"embeddable":true,"href":"https:\/\/lemanegedegivet.fr\/index.php?rest_route=%2Fwp%2Fv2%2Fcomments&post=2778"}],"version-history":[{"count":3,"href":"https:\/\/lemanegedegivet.fr\/index.php?rest_route=\/wp\/v2\/posts\/2778\/revisions"}],"predecessor-version":[{"id":2860,"href":"https:\/\/lemanegedegivet.fr\/index.php?rest_route=\/wp\/v2\/posts\/2778\/revisions\/2860"}],"wp:featuredmedia":[{"embeddable":true,"href":"https:\/\/lemanegedegivet.fr\/index.php?rest_route=\/wp\/v2\/media\/2782"}],"wp:attachment":[{"href":"https:\/\/lemanegedegivet.fr\/index.php?rest_route=%2Fwp%2Fv2%2Fmedia&parent=2778"}],"wp:term":[{"taxonomy":"category","embeddable":true,"href":"https:\/\/lemanegedegivet.fr\/index.php?rest_route=%2Fwp%2Fv2%2Fcategories&post=2778"},{"taxonomy":"post_tag","embeddable":true,"href":"https:\/\/lemanegedegivet.fr\/index.php?rest_route=%2Fwp%2Fv2%2Ftags&post=2778"}],"curies":[{"name":"wp","href":"https:\/\/api.w.org\/{rel}","templated":true}]}}