{"id":2811,"date":"2025-08-29T20:35:57","date_gmt":"2025-08-29T18:35:57","guid":{"rendered":"https:\/\/lemanegedegivet.fr\/?p=2811"},"modified":"2025-09-16T18:46:21","modified_gmt":"2025-09-16T16:46:21","slug":"west-side-story","status":"publish","type":"post","link":"https:\/\/lemanegedegivet.fr\/?p=2811","title":{"rendered":"WEST SIDE STORY"},"content":{"rendered":"\n<div class=\"wp-block-uagb-container uagb-block-edfa65fa alignfull uagb-is-root-container\"><div class=\"uagb-container-inner-blocks-wrap\">\n<div class=\"wp-block-columns is-layout-flex wp-container-core-columns-is-layout-28f84493 wp-block-columns-is-layout-flex\">\n<div class=\"wp-block-column is-layout-flow wp-block-column-is-layout-flow\" style=\"padding-right:var(--wp--preset--spacing--10);padding-left:var(--wp--preset--spacing--10);flex-basis:33.33%\">\n<div style=\"height:30px\" aria-hidden=\"true\" class=\"wp-block-spacer\"><\/div>\n\n\n\n<h2 class=\"wp-block-heading has-text-align-center\" style=\"text-transform:capitalize\">Mardi 26 mai 2026<\/h2>\n\n\n\n<h3 class=\"wp-block-heading has-text-align-center\"><strong>14h30 et 18h30<\/strong><\/h3>\n\n\n<figure class=\"wp-block-post-featured-image\"><img loading=\"lazy\" decoding=\"async\" width=\"1024\" height=\"1536\" src=\"https:\/\/lemanegedegivet.fr\/wp-content\/uploads\/Affiche-West-side-Story.png\" class=\"attachment-post-thumbnail size-post-thumbnail wp-post-image\" alt=\"\" style=\"object-fit:cover;\" srcset=\"https:\/\/lemanegedegivet.fr\/wp-content\/uploads\/Affiche-West-side-Story.png 1024w, https:\/\/lemanegedegivet.fr\/wp-content\/uploads\/Affiche-West-side-Story-200x300.png 200w, https:\/\/lemanegedegivet.fr\/wp-content\/uploads\/Affiche-West-side-Story-683x1024.png 683w, https:\/\/lemanegedegivet.fr\/wp-content\/uploads\/Affiche-West-side-Story-768x1152.png 768w\" sizes=\"auto, (max-width: 1024px) 100vw, 1024px\" \/><\/figure><\/div>\n\n\n\n<div class=\"wp-block-column has-global-padding is-layout-constrained wp-block-column-is-layout-constrained\" style=\"flex-basis:66.66%\">\n<div class=\"wp-block-group has-global-padding is-layout-constrained wp-block-group-is-layout-constrained\">\n<div class=\"wp-block-uagb-container uagb-block-362ad794\"><h2 style=\"font-style:normal;font-weight:200;text-transform:capitalize; padding-right:0;padding-left:0;padding-top:0;padding-bottom:0;\" class=\"has-text-align-center has-link-color wp-elements-f132e1dda9caa6eb2954b204c94a0a26 wp-block-post-title has-text-color has-accent-3-color has-montserrat-font-family\">WEST SIDE STORY<\/h2>\n\n\n<figure class=\"wp-block-gallery has-nested-images columns-default is-cropped wp-block-gallery-1 is-layout-flex wp-block-gallery-is-layout-flex\"><\/figure>\n\n\n\n<pre class=\"wp-block-preformatted has-montserrat-font-family has-medium-font-size\">En partenariat avec la cit\u00e9 scolaire Vauban<br><br><strong>LE SPECTACLE<\/strong><br>West Side Story, inspir\u00e9 de Rom\u00e9o et Juliette, raconte l'histoire tragique de Tony et Maria, deux jeunes amoureux pris dans une guerre de gangs entre les Jets (Am\u00e9ricains blancs) et les Sharks (immigr\u00e9s portoricains) dans le New York des ann\u00e9es 1950.<br>Malgr\u00e9 leur amour pur, les pr\u00e9jug\u00e9s raciaux et la violence engendr\u00e9e par la haine m\u00e8nent \u00e0 une fin d\u00e9chirante, soulignant l'absurdit\u00e9 des divisions ethniques et sociales.<br><br>Plus de soixante ans apr\u00e8s sa cr\u00e9ation, West Side Story reste d'une br\u00fblante actualit\u00e9. Les clivages entre groupes ethniques, religieux ou sociaux persistent, aliment\u00e9s par la peur de l'autre et les discours de rejet. Pourtant, l'histoire nous montre, encore et encore, que ces divisions ne m\u00e8nent qu'\u00e0 la souffrance...<br><br><strong>DUR\u00c9E : 90 minutes<\/strong><br><br><strong>Cr\u00e9ation : Sofia NA\u00cfT<\/strong><br>Avec les \u00e9l\u00e8ves du coll\u00e8ge Vauban (2 classes de 5\u00e8me et 4\u00e8me)<br><br><strong>PR\u00c9SENTATION DU PROJET<\/strong><br>Une seule artiste pouvait relever le d\u00e9fi de ce projet scolaire aussi fou et ambitieux... <br>Sofia Na\u00eft, artiste compl\u00e8te et pluridisciplinaire, qui a triomph\u00e9 sur la sc\u00e8ne du Man\u00e8ge dans son interpr\u00e9tation charismatique de Jos\u00e9phine Baker, revient cette fois \u00e0 Givet pour un double projet p\u00e9dagogique : initier les \u00e9l\u00e8ves du Coll\u00e8ge Vauban \u00e0 la sc\u00e8ne, au chant et \u00e0 la danse, mais aussi les sensibiliser aux th\u00e8mes cruciaux comme l'intol\u00e9rance, que d\u00e9veloppe cette \u0153uvre embl\u00e9matique.<br><br>\u00ab Face \u00e0 ce constat, il est crucial d'\u00e9duquer les jeunes g\u00e9n\u00e9rations \u00e0 la tol\u00e9rance, au respect des diff\u00e9rences et \u00e0 la r\u00e9solution non violente des conflits. West Side Story constitue un outil puissant pour aborder ces th\u00e8mes en classe, et de mani\u00e8re ludique sur sc\u00e8ne. \u00bb <em>Sofia NA\u00cfT<\/em><br><br>\ud835\udc45\ud835\udc52\u0301\ud835\udc60\ud835\udc52\ud835\udc5f\ud835\udc63\ud835\udc4e\ud835\udc61\ud835\udc56\ud835\udc5c\ud835\udc5b \ud835\udc60\ud835\udc62\ud835\udc5f \ud835\udc5d\ud835\udc59\ud835\udc4e\ud835\udc50\ud835\udc52 \ud835\udc5c\ud835\udc62 \ud835\udc5d\ud835\udc4e\ud835\udc5f \ud835\udc61\ud835\udc52\u0301\ud835\udc59\ud835\udc52\u0301\ud835\udc5d\u210e\ud835\udc5c\ud835\udc5b\ud835\udc52 \ud835\udc4e\ud835\udc62 \ud835\udfce\ud835\udfd7 \ud835\udfd5\ud835\udfcf \ud835\udfd3\ud835\udfd6 \ud835\udfd3\ud835\udfd7 \ud835\udfd2\ud835\udfd5<br><br>TARIFS cat\u00e9gorie D                   <br>Plein : 10\u20ac       R\u00e9duit : 5\u20ac       -14 ans : GRATUIT<\/pre>\n<\/div>\n<\/div>\n<\/div>\n<\/div>\n<\/div><\/div>\n","protected":false},"excerpt":{"rendered":"<p>Une com\u00e9die musicale, \u00e0 venir voir au Man\u00e8ge de Givet, le 26 mai 2026, \u00e0 14h30 ou \u00e0 18h30.<\/p>\n","protected":false},"author":3,"featured_media":2837,"comment_status":"closed","ping_status":"closed","sticky":false,"template":"spectacles","format":"standard","meta":{"inline_featured_image":false,"_uag_custom_page_level_css":"","footnotes":""},"categories":[9],"tags":[],"class_list":["post-2811","post","type-post","status-publish","format-standard","has-post-thumbnail","hentry","category-spectacles"],"yoast_head":"<!-- This site is optimized with the Yoast SEO plugin v25.8 - https:\/\/yoast.com\/wordpress\/plugins\/seo\/ -->\n<title>WEST SIDE STORY - Le Man\u00e8ge<\/title>\n<meta name=\"description\" content=\"Samedi 13 septembre 2025 20h30. On ne change pas une \u00e9quipe qui gagne !Cette ann\u00e9e encore, pour notre plus grand plaisir, Calixte de Nigremont, alias Son Altesse S\u00e9r\u00e9nissime (ou l&#039;inverse, on ne sait plus), reprend possession du Man\u00e8ge de Givet, avec la verve et le panache qu&#039;on lui conna\u00eet, et qui nous plaisent tant.Notre fac\u00e9tieux Ma\u00eetre de c\u00e9r\u00e9monie sera le fil conducteur de cette soir\u00e9e au cours de laquelle vous pourrez d\u00e9couvrir la nouvelle saison culturelle du Man\u00e8ge, avec encore une fois son lot de surprises.La c\u00e9l\u00e8bre Compagnie Gipsy Raw nous fera, cette ann\u00e9e encore, l&#039;honneur de nous offrir en exclusivit\u00e9, une partie de son nouveau spectacle, \u00e0 l&#039;issu de sa r\u00e9sidence au Man\u00e8ge, o\u00f9 il aura \u00e9t\u00e9 cr\u00e9\u00e9 de toutes pi\u00e8ces.De belles surprises vous attendent encore cette ann\u00e9e !\" \/>\n<meta name=\"robots\" content=\"index, follow, max-snippet:-1, max-image-preview:large, max-video-preview:-1\" \/>\n<link rel=\"canonical\" href=\"https:\/\/lemanegedegivet.fr\/?p=2811\" \/>\n<meta property=\"og:locale\" content=\"fr_FR\" \/>\n<meta property=\"og:type\" content=\"article\" \/>\n<meta property=\"og:title\" content=\"WEST SIDE STORY - Le Man\u00e8ge\" \/>\n<meta property=\"og:description\" content=\"Samedi 13 septembre 2025 20h30. On ne change pas une \u00e9quipe qui gagne !Cette ann\u00e9e encore, pour notre plus grand plaisir, Calixte de Nigremont, alias Son Altesse S\u00e9r\u00e9nissime (ou l&#039;inverse, on ne sait plus), reprend possession du Man\u00e8ge de Givet, avec la verve et le panache qu&#039;on lui conna\u00eet, et qui nous plaisent tant.Notre fac\u00e9tieux Ma\u00eetre de c\u00e9r\u00e9monie sera le fil conducteur de cette soir\u00e9e au cours de laquelle vous pourrez d\u00e9couvrir la nouvelle saison culturelle du Man\u00e8ge, avec encore une fois son lot de surprises.La c\u00e9l\u00e8bre Compagnie Gipsy Raw nous fera, cette ann\u00e9e encore, l&#039;honneur de nous offrir en exclusivit\u00e9, une partie de son nouveau spectacle, \u00e0 l&#039;issu de sa r\u00e9sidence au Man\u00e8ge, o\u00f9 il aura \u00e9t\u00e9 cr\u00e9\u00e9 de toutes pi\u00e8ces.De belles surprises vous attendent encore cette ann\u00e9e !\" \/>\n<meta property=\"og:url\" content=\"https:\/\/lemanegedegivet.fr\/?p=2811\" \/>\n<meta property=\"og:site_name\" content=\"Le Man\u00e8ge\" \/>\n<meta property=\"article:publisher\" content=\"https:\/\/www.facebook.com\/people\/Cinma-Spectacles-Le-Mange-GIVET\/61551363475246\/\" \/>\n<meta property=\"article:published_time\" content=\"2025-08-29T18:35:57+00:00\" \/>\n<meta property=\"article:modified_time\" content=\"2025-09-16T16:46:21+00:00\" \/>\n<meta property=\"og:image\" content=\"https:\/\/lemanegedegivet.fr\/wp-content\/uploads\/Affiche-West-side-Story-683x1024.png\" \/>\n\t<meta property=\"og:image:width\" content=\"683\" \/>\n\t<meta property=\"og:image:height\" content=\"1024\" \/>\n\t<meta property=\"og:image:type\" content=\"image\/png\" \/>\n<meta name=\"author\" content=\"Manege\" \/>\n<meta name=\"twitter:card\" content=\"summary_large_image\" \/>\n<meta name=\"twitter:label1\" content=\"\u00c9crit par\" \/>\n\t<meta name=\"twitter:data1\" content=\"Manege\" \/>\n\t<meta name=\"twitter:label2\" content=\"Dur\u00e9e de lecture estim\u00e9e\" \/>\n\t<meta name=\"twitter:data2\" content=\"1 minute\" \/>\n<script type=\"application\/ld+json\" class=\"yoast-schema-graph\">{\"@context\":\"https:\/\/schema.org\",\"@graph\":[{\"@type\":\"Article\",\"@id\":\"https:\/\/lemanegedegivet.fr\/?p=2811#article\",\"isPartOf\":{\"@id\":\"https:\/\/lemanegedegivet.fr\/?p=2811\"},\"author\":{\"name\":\"Manege\",\"@id\":\"https:\/\/lemanegedegivet.fr\/#\/schema\/person\/79d89b4a6d10addbc758ee6996a554e1\"},\"headline\":\"WEST SIDE STORY\",\"datePublished\":\"2025-08-29T18:35:57+00:00\",\"dateModified\":\"2025-09-16T16:46:21+00:00\",\"mainEntityOfPage\":{\"@id\":\"https:\/\/lemanegedegivet.fr\/?p=2811\"},\"wordCount\":8,\"publisher\":{\"@id\":\"https:\/\/lemanegedegivet.fr\/#organization\"},\"image\":{\"@id\":\"https:\/\/lemanegedegivet.fr\/?p=2811#primaryimage\"},\"thumbnailUrl\":\"https:\/\/lemanegedegivet.fr\/wp-content\/uploads\/Affiche-West-side-Story.png\",\"articleSection\":[\"Spectacles\"],\"inLanguage\":\"fr-FR\"},{\"@type\":\"WebPage\",\"@id\":\"https:\/\/lemanegedegivet.fr\/?p=2811\",\"url\":\"https:\/\/lemanegedegivet.fr\/?p=2811\",\"name\":\"WEST SIDE STORY - Le Man\u00e8ge\",\"isPartOf\":{\"@id\":\"https:\/\/lemanegedegivet.fr\/#website\"},\"primaryImageOfPage\":{\"@id\":\"https:\/\/lemanegedegivet.fr\/?p=2811#primaryimage\"},\"image\":{\"@id\":\"https:\/\/lemanegedegivet.fr\/?p=2811#primaryimage\"},\"thumbnailUrl\":\"https:\/\/lemanegedegivet.fr\/wp-content\/uploads\/Affiche-West-side-Story.png\",\"datePublished\":\"2025-08-29T18:35:57+00:00\",\"dateModified\":\"2025-09-16T16:46:21+00:00\",\"description\":\"Samedi 13 septembre 2025 20h30. On ne change pas une \u00e9quipe qui gagne !Cette ann\u00e9e encore, pour notre plus grand plaisir, Calixte de Nigremont, alias Son Altesse S\u00e9r\u00e9nissime (ou l'inverse, on ne sait plus), reprend possession du Man\u00e8ge de Givet, avec la verve et le panache qu'on lui conna\u00eet, et qui nous plaisent tant.Notre fac\u00e9tieux Ma\u00eetre de c\u00e9r\u00e9monie sera le fil conducteur de cette soir\u00e9e au cours de laquelle vous pourrez d\u00e9couvrir la nouvelle saison culturelle du Man\u00e8ge, avec encore une fois son lot de surprises.La c\u00e9l\u00e8bre Compagnie Gipsy Raw nous fera, cette ann\u00e9e encore, l'honneur de nous offrir en exclusivit\u00e9, une partie de son nouveau spectacle, \u00e0 l'issu de sa r\u00e9sidence au Man\u00e8ge, o\u00f9 il aura \u00e9t\u00e9 cr\u00e9\u00e9 de toutes pi\u00e8ces.De belles surprises vous attendent encore cette ann\u00e9e !\",\"breadcrumb\":{\"@id\":\"https:\/\/lemanegedegivet.fr\/?p=2811#breadcrumb\"},\"inLanguage\":\"fr-FR\",\"potentialAction\":[{\"@type\":\"ReadAction\",\"target\":[\"https:\/\/lemanegedegivet.fr\/?p=2811\"]}]},{\"@type\":\"ImageObject\",\"inLanguage\":\"fr-FR\",\"@id\":\"https:\/\/lemanegedegivet.fr\/?p=2811#primaryimage\",\"url\":\"https:\/\/lemanegedegivet.fr\/wp-content\/uploads\/Affiche-West-side-Story.png\",\"contentUrl\":\"https:\/\/lemanegedegivet.fr\/wp-content\/uploads\/Affiche-West-side-Story.png\",\"width\":1024,\"height\":1536},{\"@type\":\"BreadcrumbList\",\"@id\":\"https:\/\/lemanegedegivet.fr\/?p=2811#breadcrumb\",\"itemListElement\":[{\"@type\":\"ListItem\",\"position\":1,\"name\":\"Accueil\",\"item\":\"https:\/\/lemanegedegivet.fr\/\"},{\"@type\":\"ListItem\",\"position\":2,\"name\":\"WEST SIDE STORY\"}]},{\"@type\":\"WebSite\",\"@id\":\"https:\/\/lemanegedegivet.fr\/#website\",\"url\":\"https:\/\/lemanegedegivet.fr\/\",\"name\":\"Le Man\u00e8ge de Givet\",\"description\":\"\",\"publisher\":{\"@id\":\"https:\/\/lemanegedegivet.fr\/#organization\"},\"potentialAction\":[{\"@type\":\"SearchAction\",\"target\":{\"@type\":\"EntryPoint\",\"urlTemplate\":\"https:\/\/lemanegedegivet.fr\/?s={search_term_string}\"},\"query-input\":{\"@type\":\"PropertyValueSpecification\",\"valueRequired\":true,\"valueName\":\"search_term_string\"}}],\"inLanguage\":\"fr-FR\"},{\"@type\":\"Organization\",\"@id\":\"https:\/\/lemanegedegivet.fr\/#organization\",\"name\":\"Le Man\u00e8ge de Givet\",\"url\":\"https:\/\/lemanegedegivet.fr\/\",\"logo\":{\"@type\":\"ImageObject\",\"inLanguage\":\"fr-FR\",\"@id\":\"https:\/\/lemanegedegivet.fr\/#\/schema\/logo\/image\/\",\"url\":\"https:\/\/lemanegedegivet.fr\/wp-content\/uploads\/jours_1920.avif\",\"contentUrl\":\"https:\/\/lemanegedegivet.fr\/wp-content\/uploads\/jours_1920.avif\",\"width\":1920,\"height\":1280,\"caption\":\"Le Man\u00e8ge de Givet\"},\"image\":{\"@id\":\"https:\/\/lemanegedegivet.fr\/#\/schema\/logo\/image\/\"},\"sameAs\":[\"https:\/\/www.facebook.com\/people\/Cinma-Spectacles-Le-Mange-GIVET\/61551363475246\/\"]},{\"@type\":\"Person\",\"@id\":\"https:\/\/lemanegedegivet.fr\/#\/schema\/person\/79d89b4a6d10addbc758ee6996a554e1\",\"name\":\"Manege\",\"url\":\"https:\/\/lemanegedegivet.fr\/?author=3\"}]}<\/script>\n<!-- \/ Yoast SEO plugin. -->","yoast_head_json":{"title":"WEST SIDE STORY - Le Man\u00e8ge","description":"Samedi 13 septembre 2025 20h30. On ne change pas une \u00e9quipe qui gagne !Cette ann\u00e9e encore, pour notre plus grand plaisir, Calixte de Nigremont, alias Son Altesse S\u00e9r\u00e9nissime (ou l'inverse, on ne sait plus), reprend possession du Man\u00e8ge de Givet, avec la verve et le panache qu'on lui conna\u00eet, et qui nous plaisent tant.Notre fac\u00e9tieux Ma\u00eetre de c\u00e9r\u00e9monie sera le fil conducteur de cette soir\u00e9e au cours de laquelle vous pourrez d\u00e9couvrir la nouvelle saison culturelle du Man\u00e8ge, avec encore une fois son lot de surprises.La c\u00e9l\u00e8bre Compagnie Gipsy Raw nous fera, cette ann\u00e9e encore, l'honneur de nous offrir en exclusivit\u00e9, une partie de son nouveau spectacle, \u00e0 l'issu de sa r\u00e9sidence au Man\u00e8ge, o\u00f9 il aura \u00e9t\u00e9 cr\u00e9\u00e9 de toutes pi\u00e8ces.De belles surprises vous attendent encore cette ann\u00e9e !","robots":{"index":"index","follow":"follow","max-snippet":"max-snippet:-1","max-image-preview":"max-image-preview:large","max-video-preview":"max-video-preview:-1"},"canonical":"https:\/\/lemanegedegivet.fr\/?p=2811","og_locale":"fr_FR","og_type":"article","og_title":"WEST SIDE STORY - Le Man\u00e8ge","og_description":"Samedi 13 septembre 2025 20h30. On ne change pas une \u00e9quipe qui gagne !Cette ann\u00e9e encore, pour notre plus grand plaisir, Calixte de Nigremont, alias Son Altesse S\u00e9r\u00e9nissime (ou l'inverse, on ne sait plus), reprend possession du Man\u00e8ge de Givet, avec la verve et le panache qu'on lui conna\u00eet, et qui nous plaisent tant.Notre fac\u00e9tieux Ma\u00eetre de c\u00e9r\u00e9monie sera le fil conducteur de cette soir\u00e9e au cours de laquelle vous pourrez d\u00e9couvrir la nouvelle saison culturelle du Man\u00e8ge, avec encore une fois son lot de surprises.La c\u00e9l\u00e8bre Compagnie Gipsy Raw nous fera, cette ann\u00e9e encore, l'honneur de nous offrir en exclusivit\u00e9, une partie de son nouveau spectacle, \u00e0 l'issu de sa r\u00e9sidence au Man\u00e8ge, o\u00f9 il aura \u00e9t\u00e9 cr\u00e9\u00e9 de toutes pi\u00e8ces.De belles surprises vous attendent encore cette ann\u00e9e !","og_url":"https:\/\/lemanegedegivet.fr\/?p=2811","og_site_name":"Le Man\u00e8ge","article_publisher":"https:\/\/www.facebook.com\/people\/Cinma-Spectacles-Le-Mange-GIVET\/61551363475246\/","article_published_time":"2025-08-29T18:35:57+00:00","article_modified_time":"2025-09-16T16:46:21+00:00","og_image":[{"width":683,"height":1024,"url":"https:\/\/lemanegedegivet.fr\/wp-content\/uploads\/Affiche-West-side-Story-683x1024.png","type":"image\/png"}],"author":"Manege","twitter_card":"summary_large_image","twitter_misc":{"\u00c9crit par":"Manege","Dur\u00e9e de lecture estim\u00e9e":"1 minute"},"schema":{"@context":"https:\/\/schema.org","@graph":[{"@type":"Article","@id":"https:\/\/lemanegedegivet.fr\/?p=2811#article","isPartOf":{"@id":"https:\/\/lemanegedegivet.fr\/?p=2811"},"author":{"name":"Manege","@id":"https:\/\/lemanegedegivet.fr\/#\/schema\/person\/79d89b4a6d10addbc758ee6996a554e1"},"headline":"WEST SIDE STORY","datePublished":"2025-08-29T18:35:57+00:00","dateModified":"2025-09-16T16:46:21+00:00","mainEntityOfPage":{"@id":"https:\/\/lemanegedegivet.fr\/?p=2811"},"wordCount":8,"publisher":{"@id":"https:\/\/lemanegedegivet.fr\/#organization"},"image":{"@id":"https:\/\/lemanegedegivet.fr\/?p=2811#primaryimage"},"thumbnailUrl":"https:\/\/lemanegedegivet.fr\/wp-content\/uploads\/Affiche-West-side-Story.png","articleSection":["Spectacles"],"inLanguage":"fr-FR"},{"@type":"WebPage","@id":"https:\/\/lemanegedegivet.fr\/?p=2811","url":"https:\/\/lemanegedegivet.fr\/?p=2811","name":"WEST SIDE STORY - Le Man\u00e8ge","isPartOf":{"@id":"https:\/\/lemanegedegivet.fr\/#website"},"primaryImageOfPage":{"@id":"https:\/\/lemanegedegivet.fr\/?p=2811#primaryimage"},"image":{"@id":"https:\/\/lemanegedegivet.fr\/?p=2811#primaryimage"},"thumbnailUrl":"https:\/\/lemanegedegivet.fr\/wp-content\/uploads\/Affiche-West-side-Story.png","datePublished":"2025-08-29T18:35:57+00:00","dateModified":"2025-09-16T16:46:21+00:00","description":"Samedi 13 septembre 2025 20h30. On ne change pas une \u00e9quipe qui gagne !Cette ann\u00e9e encore, pour notre plus grand plaisir, Calixte de Nigremont, alias Son Altesse S\u00e9r\u00e9nissime (ou l'inverse, on ne sait plus), reprend possession du Man\u00e8ge de Givet, avec la verve et le panache qu'on lui conna\u00eet, et qui nous plaisent tant.Notre fac\u00e9tieux Ma\u00eetre de c\u00e9r\u00e9monie sera le fil conducteur de cette soir\u00e9e au cours de laquelle vous pourrez d\u00e9couvrir la nouvelle saison culturelle du Man\u00e8ge, avec encore une fois son lot de surprises.La c\u00e9l\u00e8bre Compagnie Gipsy Raw nous fera, cette ann\u00e9e encore, l'honneur de nous offrir en exclusivit\u00e9, une partie de son nouveau spectacle, \u00e0 l'issu de sa r\u00e9sidence au Man\u00e8ge, o\u00f9 il aura \u00e9t\u00e9 cr\u00e9\u00e9 de toutes pi\u00e8ces.De belles surprises vous attendent encore cette ann\u00e9e !","breadcrumb":{"@id":"https:\/\/lemanegedegivet.fr\/?p=2811#breadcrumb"},"inLanguage":"fr-FR","potentialAction":[{"@type":"ReadAction","target":["https:\/\/lemanegedegivet.fr\/?p=2811"]}]},{"@type":"ImageObject","inLanguage":"fr-FR","@id":"https:\/\/lemanegedegivet.fr\/?p=2811#primaryimage","url":"https:\/\/lemanegedegivet.fr\/wp-content\/uploads\/Affiche-West-side-Story.png","contentUrl":"https:\/\/lemanegedegivet.fr\/wp-content\/uploads\/Affiche-West-side-Story.png","width":1024,"height":1536},{"@type":"BreadcrumbList","@id":"https:\/\/lemanegedegivet.fr\/?p=2811#breadcrumb","itemListElement":[{"@type":"ListItem","position":1,"name":"Accueil","item":"https:\/\/lemanegedegivet.fr\/"},{"@type":"ListItem","position":2,"name":"WEST SIDE STORY"}]},{"@type":"WebSite","@id":"https:\/\/lemanegedegivet.fr\/#website","url":"https:\/\/lemanegedegivet.fr\/","name":"Le Man\u00e8ge de Givet","description":"","publisher":{"@id":"https:\/\/lemanegedegivet.fr\/#organization"},"potentialAction":[{"@type":"SearchAction","target":{"@type":"EntryPoint","urlTemplate":"https:\/\/lemanegedegivet.fr\/?s={search_term_string}"},"query-input":{"@type":"PropertyValueSpecification","valueRequired":true,"valueName":"search_term_string"}}],"inLanguage":"fr-FR"},{"@type":"Organization","@id":"https:\/\/lemanegedegivet.fr\/#organization","name":"Le Man\u00e8ge de Givet","url":"https:\/\/lemanegedegivet.fr\/","logo":{"@type":"ImageObject","inLanguage":"fr-FR","@id":"https:\/\/lemanegedegivet.fr\/#\/schema\/logo\/image\/","url":"https:\/\/lemanegedegivet.fr\/wp-content\/uploads\/jours_1920.avif","contentUrl":"https:\/\/lemanegedegivet.fr\/wp-content\/uploads\/jours_1920.avif","width":1920,"height":1280,"caption":"Le Man\u00e8ge de Givet"},"image":{"@id":"https:\/\/lemanegedegivet.fr\/#\/schema\/logo\/image\/"},"sameAs":["https:\/\/www.facebook.com\/people\/Cinma-Spectacles-Le-Mange-GIVET\/61551363475246\/"]},{"@type":"Person","@id":"https:\/\/lemanegedegivet.fr\/#\/schema\/person\/79d89b4a6d10addbc758ee6996a554e1","name":"Manege","url":"https:\/\/lemanegedegivet.fr\/?author=3"}]}},"uagb_featured_image_src":{"full":["https:\/\/lemanegedegivet.fr\/wp-content\/uploads\/Affiche-West-side-Story.png",1024,1536,false],"thumbnail":["https:\/\/lemanegedegivet.fr\/wp-content\/uploads\/Affiche-West-side-Story-150x150.png",150,150,true],"medium":["https:\/\/lemanegedegivet.fr\/wp-content\/uploads\/Affiche-West-side-Story-200x300.png",200,300,true],"medium_large":["https:\/\/lemanegedegivet.fr\/wp-content\/uploads\/Affiche-West-side-Story-768x1152.png",768,1152,true],"large":["https:\/\/lemanegedegivet.fr\/wp-content\/uploads\/Affiche-West-side-Story-683x1024.png",683,1024,true],"1536x1536":["https:\/\/lemanegedegivet.fr\/wp-content\/uploads\/Affiche-West-side-Story.png",1024,1536,false],"2048x2048":["https:\/\/lemanegedegivet.fr\/wp-content\/uploads\/Affiche-West-side-Story.png",1024,1536,false],"depicter-thumbnail":["https:\/\/lemanegedegivet.fr\/wp-content\/uploads\/Affiche-West-side-Story-200x300.png",200,300,true]},"uagb_author_info":{"display_name":"Manege","author_link":"https:\/\/lemanegedegivet.fr\/?author=3"},"uagb_comment_info":0,"uagb_excerpt":"Une com\u00e9die musicale, \u00e0 venir voir au Man\u00e8ge de Givet, le 26 mai 2026, \u00e0 14h30 ou \u00e0 18h30.","publishpress_future_action":{"enabled":false,"date":"2026-05-07 09:47:05","action":"change-status","newStatus":"draft","terms":[],"taxonomy":"category","extraData":[]},"publishpress_future_workflow_manual_trigger":{"enabledWorkflows":[]},"_links":{"self":[{"href":"https:\/\/lemanegedegivet.fr\/index.php?rest_route=\/wp\/v2\/posts\/2811","targetHints":{"allow":["GET"]}}],"collection":[{"href":"https:\/\/lemanegedegivet.fr\/index.php?rest_route=\/wp\/v2\/posts"}],"about":[{"href":"https:\/\/lemanegedegivet.fr\/index.php?rest_route=\/wp\/v2\/types\/post"}],"author":[{"embeddable":true,"href":"https:\/\/lemanegedegivet.fr\/index.php?rest_route=\/wp\/v2\/users\/3"}],"replies":[{"embeddable":true,"href":"https:\/\/lemanegedegivet.fr\/index.php?rest_route=%2Fwp%2Fv2%2Fcomments&post=2811"}],"version-history":[{"count":3,"href":"https:\/\/lemanegedegivet.fr\/index.php?rest_route=\/wp\/v2\/posts\/2811\/revisions"}],"predecessor-version":[{"id":2873,"href":"https:\/\/lemanegedegivet.fr\/index.php?rest_route=\/wp\/v2\/posts\/2811\/revisions\/2873"}],"wp:featuredmedia":[{"embeddable":true,"href":"https:\/\/lemanegedegivet.fr\/index.php?rest_route=\/wp\/v2\/media\/2837"}],"wp:attachment":[{"href":"https:\/\/lemanegedegivet.fr\/index.php?rest_route=%2Fwp%2Fv2%2Fmedia&parent=2811"}],"wp:term":[{"taxonomy":"category","embeddable":true,"href":"https:\/\/lemanegedegivet.fr\/index.php?rest_route=%2Fwp%2Fv2%2Fcategories&post=2811"},{"taxonomy":"post_tag","embeddable":true,"href":"https:\/\/lemanegedegivet.fr\/index.php?rest_route=%2Fwp%2Fv2%2Ftags&post=2811"}],"curies":[{"name":"wp","href":"https:\/\/api.w.org\/{rel}","templated":true}]}}