{"id":2812,"date":"2025-08-26T20:36:00","date_gmt":"2025-08-26T18:36:00","guid":{"rendered":"https:\/\/lemanegedegivet.fr\/?p=2812"},"modified":"2025-09-16T18:45:41","modified_gmt":"2025-09-16T16:45:41","slug":"festival-de-saint-ghislain","status":"publish","type":"post","link":"https:\/\/lemanegedegivet.fr\/?p=2812","title":{"rendered":"FESTIVAL DE SAINT-GHISLAIN"},"content":{"rendered":"\n<div class=\"wp-block-uagb-container uagb-block-edfa65fa alignfull uagb-is-root-container\"><div class=\"uagb-container-inner-blocks-wrap\">\n<div class=\"wp-block-columns is-layout-flex wp-container-core-columns-is-layout-28f84493 wp-block-columns-is-layout-flex\">\n<div class=\"wp-block-column is-layout-flow wp-block-column-is-layout-flow\" style=\"padding-right:var(--wp--preset--spacing--10);padding-left:var(--wp--preset--spacing--10);flex-basis:33.33%\">\n<div style=\"height:30px\" aria-hidden=\"true\" class=\"wp-block-spacer\"><\/div>\n\n\n\n<h2 class=\"wp-block-heading has-text-align-center\" style=\"text-transform:capitalize\">Vendredi 19 juin 2026<\/h2>\n\n\n\n<h3 class=\"wp-block-heading has-text-align-center\"><strong>20h30<\/strong><\/h3>\n\n\n<figure class=\"wp-block-post-featured-image\"><img loading=\"lazy\" decoding=\"async\" width=\"1024\" height=\"1536\" src=\"https:\/\/lemanegedegivet.fr\/wp-content\/uploads\/Affiche-Folklore.png\" class=\"attachment-post-thumbnail size-post-thumbnail wp-post-image\" alt=\"\" style=\"object-fit:cover;\" srcset=\"https:\/\/lemanegedegivet.fr\/wp-content\/uploads\/Affiche-Folklore.png 1024w, https:\/\/lemanegedegivet.fr\/wp-content\/uploads\/Affiche-Folklore-200x300.png 200w, https:\/\/lemanegedegivet.fr\/wp-content\/uploads\/Affiche-Folklore-683x1024.png 683w, https:\/\/lemanegedegivet.fr\/wp-content\/uploads\/Affiche-Folklore-768x1152.png 768w\" sizes=\"auto, (max-width: 1024px) 100vw, 1024px\" \/><\/figure><\/div>\n\n\n\n<div class=\"wp-block-column has-global-padding is-layout-constrained wp-block-column-is-layout-constrained\" style=\"flex-basis:66.66%\">\n<div class=\"wp-block-group has-global-padding is-layout-constrained wp-block-group-is-layout-constrained\">\n<div class=\"wp-block-uagb-container uagb-block-362ad794\"><h2 style=\"font-style:normal;font-weight:200;text-transform:capitalize; padding-right:0;padding-left:0;padding-top:0;padding-bottom:0;\" class=\"has-text-align-center has-link-color wp-elements-f132e1dda9caa6eb2954b204c94a0a26 wp-block-post-title has-text-color has-accent-3-color has-montserrat-font-family\">FESTIVAL DE SAINT-GHISLAIN<\/h2>\n\n\n<figure class=\"wp-block-gallery has-nested-images columns-default is-cropped wp-block-gallery-1 is-layout-flex wp-block-gallery-is-layout-flex\">\n<figure class=\"wp-block-image size-large\"><img loading=\"lazy\" decoding=\"async\" width=\"1024\" height=\"483\" data-id=\"2840\" src=\"https:\/\/lemanegedegivet.fr\/wp-content\/uploads\/Capture-folklore-1024x483.jpg\" alt=\"\" class=\"wp-image-2840\" srcset=\"https:\/\/lemanegedegivet.fr\/wp-content\/uploads\/Capture-folklore-1024x483.jpg 1024w, https:\/\/lemanegedegivet.fr\/wp-content\/uploads\/Capture-folklore-300x142.jpg 300w, https:\/\/lemanegedegivet.fr\/wp-content\/uploads\/Capture-folklore-768x362.jpg 768w, https:\/\/lemanegedegivet.fr\/wp-content\/uploads\/Capture-folklore-1536x725.jpg 1536w, https:\/\/lemanegedegivet.fr\/wp-content\/uploads\/Capture-folklore-200x94.jpg 200w, https:\/\/lemanegedegivet.fr\/wp-content\/uploads\/Capture-folklore.jpg 1793w\" sizes=\"auto, (max-width: 1024px) 100vw, 1024px\" \/><\/figure>\n<\/figure>\n\n\n\n<pre class=\"wp-block-preformatted has-montserrat-font-family has-medium-font-size\"><strong>LE SPECTACLE<\/strong><br>Depuis plusieurs ann\u00e9es, le Festival Mondial de Folklore de la ville de Saint-Ghislain, en Belgique, se d\u00e9centralise pour venir offrir au public givetois un spectacle international de qualit\u00e9, afin de c\u00e9l\u00e9brer dignement et en rythme, la f\u00eate de la musique.<br>Apr\u00e8s nous avoir notamment pr\u00e9sent\u00e9 l'Afrique du Sud et la Croatie, le Festival nous propose de d\u00e9couvrir cette ann\u00e9e d'autres danses, d'autres coutumes, d'autres costumes traditionnels venus des quatre coins du monde.<br><br>Le pays invit\u00e9 d'honneur sera pour l'occasion, une surprise !<br><br><strong>DUR\u00c9E : 80 minutes<\/strong><br><br><strong>Production :<\/strong> FESTIFOLK<br><br><strong>PR\u00c9SENTATION DU FESTIVAL<\/strong> <em>(Daniel COUSTRY)<\/em><br><strong>12000 spectateurs<\/strong><br>Durant 7 jours, le Festival accueille un tr\u00e8s large public venu des quatre coins de notre pays, mais aussi du Nord de la France.<br><strong>4000 enfants<\/strong><br>Il est important d'inculquer aujourd'hui \u00e0 nos enfants le go\u00fbt du beau, de faire appel \u00e0 leur sensibilit\u00e9 artistique. Mais aussi de leur permettre un contact avec d'autres cultures, d'autres peuples, de conna\u00eetre les us et coutumes, les traditions de contr\u00e9es parfois tr\u00e8s diff\u00e9rentes et tr\u00e8s lointaines.<br><strong>300 artistes<\/strong><br>Depuis maintenant plus de quarante ans, ce sont des artistes de plus de 80 pays qui ont foul\u00e9 la sc\u00e8ne saint-ghislainoise.<br><br>\ud835\udc45\ud835\udc52\u0301\ud835\udc60\ud835\udc52\ud835\udc5f\ud835\udc63\ud835\udc4e\ud835\udc61\ud835\udc56\ud835\udc5c\ud835\udc5b \ud835\udc60\ud835\udc62\ud835\udc5f \ud835\udc5d\ud835\udc59\ud835\udc4e\ud835\udc50\ud835\udc52 \ud835\udc5c\ud835\udc62 \ud835\udc5d\ud835\udc4e\ud835\udc5f \ud835\udc61\ud835\udc52\u0301\ud835\udc59\ud835\udc52\u0301\ud835\udc5d\u210e\ud835\udc5c\ud835\udc5b\ud835\udc52 \ud835\udc4e\ud835\udc62 \ud835\udfce\ud835\udfd7 \ud835\udfd5\ud835\udfcf \ud835\udfd3\ud835\udfd6 \ud835\udfd3\ud835\udfd7 \ud835\udfd2\ud835\udfd5<br><br>TARIFS cat\u00e9gorie D                  <br>Plein : 10\u20ac       R\u00e9duit : 5\u20ac       -14 ans : GRATUIT<\/pre>\n<\/div>\n<\/div>\n<\/div>\n<\/div>\n<\/div><\/div>\n","protected":false},"excerpt":{"rendered":"<p>Une spectacle folklorique, \u00e0 venir voir au Man\u00e8ge de Givet, le 19 juin 2026 \u00e0 20h30.<\/p>\n","protected":false},"author":3,"featured_media":2839,"comment_status":"closed","ping_status":"closed","sticky":false,"template":"spectacles","format":"standard","meta":{"inline_featured_image":false,"_uag_custom_page_level_css":"","footnotes":""},"categories":[9],"tags":[],"class_list":["post-2812","post","type-post","status-publish","format-standard","has-post-thumbnail","hentry","category-spectacles"],"yoast_head":"<!-- This site is optimized with the Yoast SEO plugin v25.8 - https:\/\/yoast.com\/wordpress\/plugins\/seo\/ -->\n<title>FESTIVAL DE SAINT-GHISLAIN - Le Man\u00e8ge<\/title>\n<meta name=\"description\" content=\"Samedi 13 septembre 2025 20h30. On ne change pas une \u00e9quipe qui gagne !Cette ann\u00e9e encore, pour notre plus grand plaisir, Calixte de Nigremont, alias Son Altesse S\u00e9r\u00e9nissime (ou l&#039;inverse, on ne sait plus), reprend possession du Man\u00e8ge de Givet, avec la verve et le panache qu&#039;on lui conna\u00eet, et qui nous plaisent tant.Notre fac\u00e9tieux Ma\u00eetre de c\u00e9r\u00e9monie sera le fil conducteur de cette soir\u00e9e au cours de laquelle vous pourrez d\u00e9couvrir la nouvelle saison culturelle du Man\u00e8ge, avec encore une fois son lot de surprises.La c\u00e9l\u00e8bre Compagnie Gipsy Raw nous fera, cette ann\u00e9e encore, l&#039;honneur de nous offrir en exclusivit\u00e9, une partie de son nouveau spectacle, \u00e0 l&#039;issu de sa r\u00e9sidence au Man\u00e8ge, o\u00f9 il aura \u00e9t\u00e9 cr\u00e9\u00e9 de toutes pi\u00e8ces.De belles surprises vous attendent encore cette ann\u00e9e !\" \/>\n<meta name=\"robots\" content=\"index, follow, max-snippet:-1, max-image-preview:large, max-video-preview:-1\" \/>\n<link rel=\"canonical\" href=\"https:\/\/lemanegedegivet.fr\/?p=2812\" \/>\n<meta property=\"og:locale\" content=\"fr_FR\" \/>\n<meta property=\"og:type\" content=\"article\" \/>\n<meta property=\"og:title\" content=\"FESTIVAL DE SAINT-GHISLAIN - Le Man\u00e8ge\" \/>\n<meta property=\"og:description\" content=\"Samedi 13 septembre 2025 20h30. On ne change pas une \u00e9quipe qui gagne !Cette ann\u00e9e encore, pour notre plus grand plaisir, Calixte de Nigremont, alias Son Altesse S\u00e9r\u00e9nissime (ou l&#039;inverse, on ne sait plus), reprend possession du Man\u00e8ge de Givet, avec la verve et le panache qu&#039;on lui conna\u00eet, et qui nous plaisent tant.Notre fac\u00e9tieux Ma\u00eetre de c\u00e9r\u00e9monie sera le fil conducteur de cette soir\u00e9e au cours de laquelle vous pourrez d\u00e9couvrir la nouvelle saison culturelle du Man\u00e8ge, avec encore une fois son lot de surprises.La c\u00e9l\u00e8bre Compagnie Gipsy Raw nous fera, cette ann\u00e9e encore, l&#039;honneur de nous offrir en exclusivit\u00e9, une partie de son nouveau spectacle, \u00e0 l&#039;issu de sa r\u00e9sidence au Man\u00e8ge, o\u00f9 il aura \u00e9t\u00e9 cr\u00e9\u00e9 de toutes pi\u00e8ces.De belles surprises vous attendent encore cette ann\u00e9e !\" \/>\n<meta property=\"og:url\" content=\"https:\/\/lemanegedegivet.fr\/?p=2812\" \/>\n<meta property=\"og:site_name\" content=\"Le Man\u00e8ge\" \/>\n<meta property=\"article:publisher\" content=\"https:\/\/www.facebook.com\/people\/Cinma-Spectacles-Le-Mange-GIVET\/61551363475246\/\" \/>\n<meta property=\"article:published_time\" content=\"2025-08-26T18:36:00+00:00\" \/>\n<meta property=\"article:modified_time\" content=\"2025-09-16T16:45:41+00:00\" \/>\n<meta property=\"og:image\" content=\"https:\/\/lemanegedegivet.fr\/wp-content\/uploads\/Affiche-Folklore-683x1024.png\" \/>\n\t<meta property=\"og:image:width\" content=\"683\" \/>\n\t<meta property=\"og:image:height\" content=\"1024\" \/>\n\t<meta property=\"og:image:type\" content=\"image\/png\" \/>\n<meta name=\"author\" content=\"Manege\" \/>\n<meta name=\"twitter:card\" content=\"summary_large_image\" \/>\n<meta name=\"twitter:label1\" content=\"\u00c9crit par\" \/>\n\t<meta name=\"twitter:data1\" content=\"Manege\" \/>\n\t<meta name=\"twitter:label2\" content=\"Dur\u00e9e de lecture estim\u00e9e\" \/>\n\t<meta name=\"twitter:data2\" content=\"1 minute\" \/>\n<script type=\"application\/ld+json\" class=\"yoast-schema-graph\">{\"@context\":\"https:\/\/schema.org\",\"@graph\":[{\"@type\":\"Article\",\"@id\":\"https:\/\/lemanegedegivet.fr\/?p=2812#article\",\"isPartOf\":{\"@id\":\"https:\/\/lemanegedegivet.fr\/?p=2812\"},\"author\":{\"name\":\"Manege\",\"@id\":\"https:\/\/lemanegedegivet.fr\/#\/schema\/person\/79d89b4a6d10addbc758ee6996a554e1\"},\"headline\":\"FESTIVAL DE SAINT-GHISLAIN\",\"datePublished\":\"2025-08-26T18:36:00+00:00\",\"dateModified\":\"2025-09-16T16:45:41+00:00\",\"mainEntityOfPage\":{\"@id\":\"https:\/\/lemanegedegivet.fr\/?p=2812\"},\"wordCount\":6,\"publisher\":{\"@id\":\"https:\/\/lemanegedegivet.fr\/#organization\"},\"image\":{\"@id\":\"https:\/\/lemanegedegivet.fr\/?p=2812#primaryimage\"},\"thumbnailUrl\":\"https:\/\/lemanegedegivet.fr\/wp-content\/uploads\/Affiche-Folklore.png\",\"articleSection\":[\"Spectacles\"],\"inLanguage\":\"fr-FR\"},{\"@type\":\"WebPage\",\"@id\":\"https:\/\/lemanegedegivet.fr\/?p=2812\",\"url\":\"https:\/\/lemanegedegivet.fr\/?p=2812\",\"name\":\"FESTIVAL DE SAINT-GHISLAIN - Le Man\u00e8ge\",\"isPartOf\":{\"@id\":\"https:\/\/lemanegedegivet.fr\/#website\"},\"primaryImageOfPage\":{\"@id\":\"https:\/\/lemanegedegivet.fr\/?p=2812#primaryimage\"},\"image\":{\"@id\":\"https:\/\/lemanegedegivet.fr\/?p=2812#primaryimage\"},\"thumbnailUrl\":\"https:\/\/lemanegedegivet.fr\/wp-content\/uploads\/Affiche-Folklore.png\",\"datePublished\":\"2025-08-26T18:36:00+00:00\",\"dateModified\":\"2025-09-16T16:45:41+00:00\",\"description\":\"Samedi 13 septembre 2025 20h30. On ne change pas une \u00e9quipe qui gagne !Cette ann\u00e9e encore, pour notre plus grand plaisir, Calixte de Nigremont, alias Son Altesse S\u00e9r\u00e9nissime (ou l'inverse, on ne sait plus), reprend possession du Man\u00e8ge de Givet, avec la verve et le panache qu'on lui conna\u00eet, et qui nous plaisent tant.Notre fac\u00e9tieux Ma\u00eetre de c\u00e9r\u00e9monie sera le fil conducteur de cette soir\u00e9e au cours de laquelle vous pourrez d\u00e9couvrir la nouvelle saison culturelle du Man\u00e8ge, avec encore une fois son lot de surprises.La c\u00e9l\u00e8bre Compagnie Gipsy Raw nous fera, cette ann\u00e9e encore, l'honneur de nous offrir en exclusivit\u00e9, une partie de son nouveau spectacle, \u00e0 l'issu de sa r\u00e9sidence au Man\u00e8ge, o\u00f9 il aura \u00e9t\u00e9 cr\u00e9\u00e9 de toutes pi\u00e8ces.De belles surprises vous attendent encore cette ann\u00e9e !\",\"breadcrumb\":{\"@id\":\"https:\/\/lemanegedegivet.fr\/?p=2812#breadcrumb\"},\"inLanguage\":\"fr-FR\",\"potentialAction\":[{\"@type\":\"ReadAction\",\"target\":[\"https:\/\/lemanegedegivet.fr\/?p=2812\"]}]},{\"@type\":\"ImageObject\",\"inLanguage\":\"fr-FR\",\"@id\":\"https:\/\/lemanegedegivet.fr\/?p=2812#primaryimage\",\"url\":\"https:\/\/lemanegedegivet.fr\/wp-content\/uploads\/Affiche-Folklore.png\",\"contentUrl\":\"https:\/\/lemanegedegivet.fr\/wp-content\/uploads\/Affiche-Folklore.png\",\"width\":1024,\"height\":1536},{\"@type\":\"BreadcrumbList\",\"@id\":\"https:\/\/lemanegedegivet.fr\/?p=2812#breadcrumb\",\"itemListElement\":[{\"@type\":\"ListItem\",\"position\":1,\"name\":\"Accueil\",\"item\":\"https:\/\/lemanegedegivet.fr\/\"},{\"@type\":\"ListItem\",\"position\":2,\"name\":\"FESTIVAL DE SAINT-GHISLAIN\"}]},{\"@type\":\"WebSite\",\"@id\":\"https:\/\/lemanegedegivet.fr\/#website\",\"url\":\"https:\/\/lemanegedegivet.fr\/\",\"name\":\"Le Man\u00e8ge de Givet\",\"description\":\"\",\"publisher\":{\"@id\":\"https:\/\/lemanegedegivet.fr\/#organization\"},\"potentialAction\":[{\"@type\":\"SearchAction\",\"target\":{\"@type\":\"EntryPoint\",\"urlTemplate\":\"https:\/\/lemanegedegivet.fr\/?s={search_term_string}\"},\"query-input\":{\"@type\":\"PropertyValueSpecification\",\"valueRequired\":true,\"valueName\":\"search_term_string\"}}],\"inLanguage\":\"fr-FR\"},{\"@type\":\"Organization\",\"@id\":\"https:\/\/lemanegedegivet.fr\/#organization\",\"name\":\"Le Man\u00e8ge de Givet\",\"url\":\"https:\/\/lemanegedegivet.fr\/\",\"logo\":{\"@type\":\"ImageObject\",\"inLanguage\":\"fr-FR\",\"@id\":\"https:\/\/lemanegedegivet.fr\/#\/schema\/logo\/image\/\",\"url\":\"https:\/\/lemanegedegivet.fr\/wp-content\/uploads\/jours_1920.avif\",\"contentUrl\":\"https:\/\/lemanegedegivet.fr\/wp-content\/uploads\/jours_1920.avif\",\"width\":1920,\"height\":1280,\"caption\":\"Le Man\u00e8ge de Givet\"},\"image\":{\"@id\":\"https:\/\/lemanegedegivet.fr\/#\/schema\/logo\/image\/\"},\"sameAs\":[\"https:\/\/www.facebook.com\/people\/Cinma-Spectacles-Le-Mange-GIVET\/61551363475246\/\"]},{\"@type\":\"Person\",\"@id\":\"https:\/\/lemanegedegivet.fr\/#\/schema\/person\/79d89b4a6d10addbc758ee6996a554e1\",\"name\":\"Manege\",\"url\":\"https:\/\/lemanegedegivet.fr\/?author=3\"}]}<\/script>\n<!-- \/ Yoast SEO plugin. -->","yoast_head_json":{"title":"FESTIVAL DE SAINT-GHISLAIN - Le Man\u00e8ge","description":"Samedi 13 septembre 2025 20h30. On ne change pas une \u00e9quipe qui gagne !Cette ann\u00e9e encore, pour notre plus grand plaisir, Calixte de Nigremont, alias Son Altesse S\u00e9r\u00e9nissime (ou l'inverse, on ne sait plus), reprend possession du Man\u00e8ge de Givet, avec la verve et le panache qu'on lui conna\u00eet, et qui nous plaisent tant.Notre fac\u00e9tieux Ma\u00eetre de c\u00e9r\u00e9monie sera le fil conducteur de cette soir\u00e9e au cours de laquelle vous pourrez d\u00e9couvrir la nouvelle saison culturelle du Man\u00e8ge, avec encore une fois son lot de surprises.La c\u00e9l\u00e8bre Compagnie Gipsy Raw nous fera, cette ann\u00e9e encore, l'honneur de nous offrir en exclusivit\u00e9, une partie de son nouveau spectacle, \u00e0 l'issu de sa r\u00e9sidence au Man\u00e8ge, o\u00f9 il aura \u00e9t\u00e9 cr\u00e9\u00e9 de toutes pi\u00e8ces.De belles surprises vous attendent encore cette ann\u00e9e !","robots":{"index":"index","follow":"follow","max-snippet":"max-snippet:-1","max-image-preview":"max-image-preview:large","max-video-preview":"max-video-preview:-1"},"canonical":"https:\/\/lemanegedegivet.fr\/?p=2812","og_locale":"fr_FR","og_type":"article","og_title":"FESTIVAL DE SAINT-GHISLAIN - Le Man\u00e8ge","og_description":"Samedi 13 septembre 2025 20h30. On ne change pas une \u00e9quipe qui gagne !Cette ann\u00e9e encore, pour notre plus grand plaisir, Calixte de Nigremont, alias Son Altesse S\u00e9r\u00e9nissime (ou l'inverse, on ne sait plus), reprend possession du Man\u00e8ge de Givet, avec la verve et le panache qu'on lui conna\u00eet, et qui nous plaisent tant.Notre fac\u00e9tieux Ma\u00eetre de c\u00e9r\u00e9monie sera le fil conducteur de cette soir\u00e9e au cours de laquelle vous pourrez d\u00e9couvrir la nouvelle saison culturelle du Man\u00e8ge, avec encore une fois son lot de surprises.La c\u00e9l\u00e8bre Compagnie Gipsy Raw nous fera, cette ann\u00e9e encore, l'honneur de nous offrir en exclusivit\u00e9, une partie de son nouveau spectacle, \u00e0 l'issu de sa r\u00e9sidence au Man\u00e8ge, o\u00f9 il aura \u00e9t\u00e9 cr\u00e9\u00e9 de toutes pi\u00e8ces.De belles surprises vous attendent encore cette ann\u00e9e !","og_url":"https:\/\/lemanegedegivet.fr\/?p=2812","og_site_name":"Le Man\u00e8ge","article_publisher":"https:\/\/www.facebook.com\/people\/Cinma-Spectacles-Le-Mange-GIVET\/61551363475246\/","article_published_time":"2025-08-26T18:36:00+00:00","article_modified_time":"2025-09-16T16:45:41+00:00","og_image":[{"width":683,"height":1024,"url":"https:\/\/lemanegedegivet.fr\/wp-content\/uploads\/Affiche-Folklore-683x1024.png","type":"image\/png"}],"author":"Manege","twitter_card":"summary_large_image","twitter_misc":{"\u00c9crit par":"Manege","Dur\u00e9e de lecture estim\u00e9e":"1 minute"},"schema":{"@context":"https:\/\/schema.org","@graph":[{"@type":"Article","@id":"https:\/\/lemanegedegivet.fr\/?p=2812#article","isPartOf":{"@id":"https:\/\/lemanegedegivet.fr\/?p=2812"},"author":{"name":"Manege","@id":"https:\/\/lemanegedegivet.fr\/#\/schema\/person\/79d89b4a6d10addbc758ee6996a554e1"},"headline":"FESTIVAL DE SAINT-GHISLAIN","datePublished":"2025-08-26T18:36:00+00:00","dateModified":"2025-09-16T16:45:41+00:00","mainEntityOfPage":{"@id":"https:\/\/lemanegedegivet.fr\/?p=2812"},"wordCount":6,"publisher":{"@id":"https:\/\/lemanegedegivet.fr\/#organization"},"image":{"@id":"https:\/\/lemanegedegivet.fr\/?p=2812#primaryimage"},"thumbnailUrl":"https:\/\/lemanegedegivet.fr\/wp-content\/uploads\/Affiche-Folklore.png","articleSection":["Spectacles"],"inLanguage":"fr-FR"},{"@type":"WebPage","@id":"https:\/\/lemanegedegivet.fr\/?p=2812","url":"https:\/\/lemanegedegivet.fr\/?p=2812","name":"FESTIVAL DE SAINT-GHISLAIN - Le Man\u00e8ge","isPartOf":{"@id":"https:\/\/lemanegedegivet.fr\/#website"},"primaryImageOfPage":{"@id":"https:\/\/lemanegedegivet.fr\/?p=2812#primaryimage"},"image":{"@id":"https:\/\/lemanegedegivet.fr\/?p=2812#primaryimage"},"thumbnailUrl":"https:\/\/lemanegedegivet.fr\/wp-content\/uploads\/Affiche-Folklore.png","datePublished":"2025-08-26T18:36:00+00:00","dateModified":"2025-09-16T16:45:41+00:00","description":"Samedi 13 septembre 2025 20h30. On ne change pas une \u00e9quipe qui gagne !Cette ann\u00e9e encore, pour notre plus grand plaisir, Calixte de Nigremont, alias Son Altesse S\u00e9r\u00e9nissime (ou l'inverse, on ne sait plus), reprend possession du Man\u00e8ge de Givet, avec la verve et le panache qu'on lui conna\u00eet, et qui nous plaisent tant.Notre fac\u00e9tieux Ma\u00eetre de c\u00e9r\u00e9monie sera le fil conducteur de cette soir\u00e9e au cours de laquelle vous pourrez d\u00e9couvrir la nouvelle saison culturelle du Man\u00e8ge, avec encore une fois son lot de surprises.La c\u00e9l\u00e8bre Compagnie Gipsy Raw nous fera, cette ann\u00e9e encore, l'honneur de nous offrir en exclusivit\u00e9, une partie de son nouveau spectacle, \u00e0 l'issu de sa r\u00e9sidence au Man\u00e8ge, o\u00f9 il aura \u00e9t\u00e9 cr\u00e9\u00e9 de toutes pi\u00e8ces.De belles surprises vous attendent encore cette ann\u00e9e !","breadcrumb":{"@id":"https:\/\/lemanegedegivet.fr\/?p=2812#breadcrumb"},"inLanguage":"fr-FR","potentialAction":[{"@type":"ReadAction","target":["https:\/\/lemanegedegivet.fr\/?p=2812"]}]},{"@type":"ImageObject","inLanguage":"fr-FR","@id":"https:\/\/lemanegedegivet.fr\/?p=2812#primaryimage","url":"https:\/\/lemanegedegivet.fr\/wp-content\/uploads\/Affiche-Folklore.png","contentUrl":"https:\/\/lemanegedegivet.fr\/wp-content\/uploads\/Affiche-Folklore.png","width":1024,"height":1536},{"@type":"BreadcrumbList","@id":"https:\/\/lemanegedegivet.fr\/?p=2812#breadcrumb","itemListElement":[{"@type":"ListItem","position":1,"name":"Accueil","item":"https:\/\/lemanegedegivet.fr\/"},{"@type":"ListItem","position":2,"name":"FESTIVAL DE SAINT-GHISLAIN"}]},{"@type":"WebSite","@id":"https:\/\/lemanegedegivet.fr\/#website","url":"https:\/\/lemanegedegivet.fr\/","name":"Le Man\u00e8ge de Givet","description":"","publisher":{"@id":"https:\/\/lemanegedegivet.fr\/#organization"},"potentialAction":[{"@type":"SearchAction","target":{"@type":"EntryPoint","urlTemplate":"https:\/\/lemanegedegivet.fr\/?s={search_term_string}"},"query-input":{"@type":"PropertyValueSpecification","valueRequired":true,"valueName":"search_term_string"}}],"inLanguage":"fr-FR"},{"@type":"Organization","@id":"https:\/\/lemanegedegivet.fr\/#organization","name":"Le Man\u00e8ge de Givet","url":"https:\/\/lemanegedegivet.fr\/","logo":{"@type":"ImageObject","inLanguage":"fr-FR","@id":"https:\/\/lemanegedegivet.fr\/#\/schema\/logo\/image\/","url":"https:\/\/lemanegedegivet.fr\/wp-content\/uploads\/jours_1920.avif","contentUrl":"https:\/\/lemanegedegivet.fr\/wp-content\/uploads\/jours_1920.avif","width":1920,"height":1280,"caption":"Le Man\u00e8ge de Givet"},"image":{"@id":"https:\/\/lemanegedegivet.fr\/#\/schema\/logo\/image\/"},"sameAs":["https:\/\/www.facebook.com\/people\/Cinma-Spectacles-Le-Mange-GIVET\/61551363475246\/"]},{"@type":"Person","@id":"https:\/\/lemanegedegivet.fr\/#\/schema\/person\/79d89b4a6d10addbc758ee6996a554e1","name":"Manege","url":"https:\/\/lemanegedegivet.fr\/?author=3"}]}},"uagb_featured_image_src":{"full":["https:\/\/lemanegedegivet.fr\/wp-content\/uploads\/Affiche-Folklore.png",1024,1536,false],"thumbnail":["https:\/\/lemanegedegivet.fr\/wp-content\/uploads\/Affiche-Folklore-150x150.png",150,150,true],"medium":["https:\/\/lemanegedegivet.fr\/wp-content\/uploads\/Affiche-Folklore-200x300.png",200,300,true],"medium_large":["https:\/\/lemanegedegivet.fr\/wp-content\/uploads\/Affiche-Folklore-768x1152.png",768,1152,true],"large":["https:\/\/lemanegedegivet.fr\/wp-content\/uploads\/Affiche-Folklore-683x1024.png",683,1024,true],"1536x1536":["https:\/\/lemanegedegivet.fr\/wp-content\/uploads\/Affiche-Folklore.png",1024,1536,false],"2048x2048":["https:\/\/lemanegedegivet.fr\/wp-content\/uploads\/Affiche-Folklore.png",1024,1536,false],"depicter-thumbnail":["https:\/\/lemanegedegivet.fr\/wp-content\/uploads\/Affiche-Folklore-200x300.png",200,300,true]},"uagb_author_info":{"display_name":"Manege","author_link":"https:\/\/lemanegedegivet.fr\/?author=3"},"uagb_comment_info":0,"uagb_excerpt":"Une spectacle folklorique, \u00e0 venir voir au Man\u00e8ge de Givet, le 19 juin 2026 \u00e0 20h30.","publishpress_future_action":{"enabled":false,"date":"2026-05-07 09:34:06","action":"change-status","newStatus":"draft","terms":[],"taxonomy":"category","extraData":[]},"publishpress_future_workflow_manual_trigger":{"enabledWorkflows":[]},"_links":{"self":[{"href":"https:\/\/lemanegedegivet.fr\/index.php?rest_route=\/wp\/v2\/posts\/2812","targetHints":{"allow":["GET"]}}],"collection":[{"href":"https:\/\/lemanegedegivet.fr\/index.php?rest_route=\/wp\/v2\/posts"}],"about":[{"href":"https:\/\/lemanegedegivet.fr\/index.php?rest_route=\/wp\/v2\/types\/post"}],"author":[{"embeddable":true,"href":"https:\/\/lemanegedegivet.fr\/index.php?rest_route=\/wp\/v2\/users\/3"}],"replies":[{"embeddable":true,"href":"https:\/\/lemanegedegivet.fr\/index.php?rest_route=%2Fwp%2Fv2%2Fcomments&post=2812"}],"version-history":[{"count":2,"href":"https:\/\/lemanegedegivet.fr\/index.php?rest_route=\/wp\/v2\/posts\/2812\/revisions"}],"predecessor-version":[{"id":2872,"href":"https:\/\/lemanegedegivet.fr\/index.php?rest_route=\/wp\/v2\/posts\/2812\/revisions\/2872"}],"wp:featuredmedia":[{"embeddable":true,"href":"https:\/\/lemanegedegivet.fr\/index.php?rest_route=\/wp\/v2\/media\/2839"}],"wp:attachment":[{"href":"https:\/\/lemanegedegivet.fr\/index.php?rest_route=%2Fwp%2Fv2%2Fmedia&parent=2812"}],"wp:term":[{"taxonomy":"category","embeddable":true,"href":"https:\/\/lemanegedegivet.fr\/index.php?rest_route=%2Fwp%2Fv2%2Fcategories&post=2812"},{"taxonomy":"post_tag","embeddable":true,"href":"https:\/\/lemanegedegivet.fr\/index.php?rest_route=%2Fwp%2Fv2%2Ftags&post=2812"}],"curies":[{"name":"wp","href":"https:\/\/api.w.org\/{rel}","templated":true}]}}