{"id":3298,"date":"2026-04-28T20:52:45","date_gmt":"2026-04-28T18:52:45","guid":{"rendered":"https:\/\/lemanegedegivet.fr\/?p=3298"},"modified":"2026-04-28T20:52:47","modified_gmt":"2026-04-28T18:52:47","slug":"il-maestro","status":"publish","type":"post","link":"https:\/\/lemanegedegivet.fr\/?p=3298","title":{"rendered":"Il Maestro"},"content":{"rendered":"\n<div class=\"wp-block-columns is-layout-flex wp-container-core-columns-is-layout-76472fb5 wp-block-columns-is-layout-flex\" style=\"margin-top:0;margin-bottom:0;padding-top:0;padding-right:var(--wp--preset--spacing--10);padding-bottom:0;padding-left:var(--wp--preset--spacing--10)\">\n<div class=\"wp-block-column is-layout-flow wp-container-core-column-is-layout-92c44e9e wp-block-column-is-layout-flow\" style=\"padding-top:0;padding-bottom:0;flex-basis:35%\"><figure style=\"padding-right:0;padding-left:0;padding-top:var(--wp--preset--spacing--10);padding-bottom:var(--wp--preset--spacing--10);\" class=\"wp-block-post-featured-image wp-container-content-5b984bb6\"><a href=\"https:\/\/lemanegedegivet.fr\/?p=3298\" target=\"_self\"  ><img loading=\"lazy\" decoding=\"async\" width=\"310\" height=\"420\" src=\"https:\/\/lemanegedegivet.fr\/wp-content\/uploads\/IL-MAESTRO.webp\" class=\"attachment-post-thumbnail size-post-thumbnail wp-post-image\" alt=\"Il Maestro\" style=\"border-radius:10px;object-fit:cover;\" srcset=\"https:\/\/lemanegedegivet.fr\/wp-content\/uploads\/IL-MAESTRO.webp 310w, https:\/\/lemanegedegivet.fr\/wp-content\/uploads\/IL-MAESTRO-221x300.webp 221w, https:\/\/lemanegedegivet.fr\/wp-content\/uploads\/IL-MAESTRO-200x271.webp 200w\" sizes=\"auto, (max-width: 310px) 100vw, 310px\" \/><\/a><\/figure>\n\n\n<div class=\"wp-block-uagb-buttons uagb-buttons__outer-wrap uagb-btn__large-btn uagb-btn-tablet__default-btn uagb-btn-mobile__default-btn uagb-block-8ea3efa8\"><div class=\"uagb-buttons__wrap uagb-buttons-layout-wrap \">\n<div class=\"wp-block-uagb-buttons-child uagb-buttons__outer-wrap uagb-block-4d2758c5 wp-block-button\"><div class=\"uagb-button__wrapper\"><a class=\"uagb-buttons-repeater wp-block-button__link\" aria-label=\"\" href=\"https:\/\/lemanegedegivet.fr\/?p=608\" rel=\"follow noopener\" target=\"_self\" role=\"button\"><div class=\"uagb-button__link\">Programme cin\u00e9ma<\/div><\/a><\/div><\/div>\n<\/div><\/div>\n<\/div>\n\n\n\n<div class=\"wp-block-column is-layout-flow wp-container-core-column-is-layout-9638ebc9 wp-block-column-is-layout-flow\" style=\"padding-top:0;padding-right:0;padding-bottom:0;padding-left:0;flex-basis:65%\">\n<div class=\"wp-block-uagb-container uagb-block-72d05e07 alignwide uagb-is-root-container\">\n<div class=\"wp-block-uagb-advanced-heading uagb-block-ea9918b9\"><h5 class=\"uagb-heading-text\">2h 05min\u00a0|\u00a0<a href=\"https:\/\/www.allocine.fr\/films\/genre-13008\/\">Drame<\/a><br>De\u00a0<a href=\"https:\/\/www.allocine.fr\/personne\/fichepersonne_gen_cpersonne=23965.html\">Andrea Di Stefano<\/a><br>\u00a0|\u00a0Par\u00a0<a href=\"https:\/\/www.allocine.fr\/personne\/fichepersonne_gen_cpersonne=23965.html\">Andrea Di Stefano<\/a>,\u00a0<a href=\"https:\/\/www.allocine.fr\/personne\/fichepersonne_gen_cpersonne=452689.html\">Ludovica Rampoldi<\/a><br>Avec\u00a0<a href=\"https:\/\/www.allocine.fr\/personne\/fichepersonne_gen_cpersonne=28589.html\">Pierfrancesco Favino<\/a>,\u00a0<a href=\"https:\/\/www.allocine.fr\/personne\/fichepersonne_gen_cpersonne=1000048438.html\">Tiziano Menichelli<\/a>,\u00a0<a href=\"https:\/\/www.allocine.fr\/personne\/fichepersonne_gen_cpersonne=400795.html\">Giovanni Ludeno<\/a><\/h5><\/div>\n\n\n\n<p class=\"has-text-align-center has-contrast-color has-accent-4-background-color has-text-color has-background has-link-color has-system-serif-font-family has-medium-font-size wp-elements-eb520519694175c4737a8575434a5864\" style=\"text-transform:none\"><strong><strong><strong><strong><strong><strong><strong><strong><strong><strong><strong>Tout public<\/strong><\/strong><br><\/strong><\/strong><\/strong><\/strong><\/strong><\/strong><\/strong><\/strong><\/strong>Version originale sous titr\u00e9e<\/p>\n\n\n\n<p class=\"has-text-align-center has-system-serif-font-family has-medium-font-size\" style=\"text-transform:none\"><\/p>\n\n\n\n<p class=\"has-text-align-center has-system-serif-font-family has-medium-font-size\" style=\"text-transform:none\">Ann\u00e9es 1980, un ancien joueur de tennis devient l\u2019entra\u00eeneur d\u2019un jeune talent timide, \u00e9cras\u00e9 par les attentes de son p\u00e8re.<\/p>\n\n\n\n<p class=\"has-text-align-center has-system-serif-font-family has-medium-font-size\" style=\"text-transform:none\"><\/p>\n\n\n\n<p class=\"has-text-align-center has-system-serif-font-family has-medium-font-size\" style=\"text-transform:none\"><\/p>\n<\/div>\n\n\n\n<figure class=\"wp-block-embed is-type-video is-provider-youtube wp-block-embed-youtube wp-embed-aspect-16-9 wp-has-aspect-ratio\" style=\"margin-top:0;margin-right:0;margin-bottom:0;margin-left:0\"><div class=\"wp-block-embed__wrapper\">\n<iframe loading=\"lazy\" title=\"IL MAESTRO | Bande annonce VOST [Au cin\u00e9ma le 11 mars]\" width=\"500\" height=\"281\" src=\"https:\/\/www.youtube.com\/embed\/y0ri1MnJix0?feature=oembed\" frameborder=\"0\" allow=\"accelerometer; autoplay; clipboard-write; encrypted-media; gyroscope; picture-in-picture; web-share\" referrerpolicy=\"strict-origin-when-cross-origin\" allowfullscreen><\/iframe>\n<\/div><\/figure>\n<\/div>\n<\/div>\n\n\n\n<p><\/p>\n","protected":false},"excerpt":{"rendered":"<p>2h 05min\u00a0|\u00a0Drame<br \/>\nDe\u00a0Andrea Di Stefano<br \/>\n\u00a0|\u00a0Par\u00a0Andrea Di Stefano,\u00a0Ludovica Rampoldi<br \/>\nAvec\u00a0Pierfrancesco Favino,\u00a0Tiziano Menichelli,\u00a0Giovanni Ludeno<\/p>\n","protected":false},"author":3,"featured_media":3299,"comment_status":"closed","ping_status":"closed","sticky":false,"template":"postfilms","format":"standard","meta":{"inline_featured_image":false,"_uag_custom_page_level_css":"","footnotes":""},"categories":[8],"tags":[],"class_list":["post-3298","post","type-post","status-publish","format-standard","has-post-thumbnail","hentry","category-films"],"yoast_head":"<!-- This site is optimized with the Yoast SEO plugin v25.8 - https:\/\/yoast.com\/wordpress\/plugins\/seo\/ -->\n<title>Il Maestro - Le Man\u00e8ge<\/title>\n<meta name=\"robots\" content=\"index, follow, max-snippet:-1, max-image-preview:large, max-video-preview:-1\" \/>\n<link rel=\"canonical\" href=\"https:\/\/lemanegedegivet.fr\/?p=3298\" \/>\n<meta property=\"og:locale\" content=\"fr_FR\" \/>\n<meta property=\"og:type\" content=\"article\" \/>\n<meta property=\"og:title\" content=\"Il Maestro - Le Man\u00e8ge\" \/>\n<meta property=\"og:description\" content=\"2h 05min\u00a0|\u00a0Drame De\u00a0Andrea Di Stefano \u00a0|\u00a0Par\u00a0Andrea Di Stefano,\u00a0Ludovica Rampoldi Avec\u00a0Pierfrancesco Favino,\u00a0Tiziano Menichelli,\u00a0Giovanni Ludeno\" \/>\n<meta property=\"og:url\" content=\"https:\/\/lemanegedegivet.fr\/?p=3298\" \/>\n<meta property=\"og:site_name\" content=\"Le Man\u00e8ge\" \/>\n<meta property=\"article:publisher\" content=\"https:\/\/www.facebook.com\/people\/Cinma-Spectacles-Le-Mange-GIVET\/61551363475246\/\" \/>\n<meta property=\"article:published_time\" content=\"2026-04-28T18:52:45+00:00\" \/>\n<meta property=\"article:modified_time\" content=\"2026-04-28T18:52:47+00:00\" \/>\n<meta property=\"og:image\" content=\"https:\/\/lemanegedegivet.fr\/wp-content\/uploads\/IL-MAESTRO.webp\" \/>\n\t<meta property=\"og:image:width\" content=\"310\" \/>\n\t<meta property=\"og:image:height\" content=\"420\" \/>\n\t<meta property=\"og:image:type\" content=\"image\/jpeg\" \/>\n<meta name=\"author\" content=\"Manege\" \/>\n<meta name=\"twitter:card\" content=\"summary_large_image\" \/>\n<meta name=\"twitter:label1\" content=\"\u00c9crit par\" \/>\n\t<meta name=\"twitter:data1\" content=\"Manege\" \/>\n\t<meta name=\"twitter:label2\" content=\"Dur\u00e9e de lecture estim\u00e9e\" \/>\n\t<meta name=\"twitter:data2\" content=\"1 minute\" \/>\n<script type=\"application\/ld+json\" class=\"yoast-schema-graph\">{\"@context\":\"https:\/\/schema.org\",\"@graph\":[{\"@type\":\"Article\",\"@id\":\"https:\/\/lemanegedegivet.fr\/?p=3298#article\",\"isPartOf\":{\"@id\":\"https:\/\/lemanegedegivet.fr\/?p=3298\"},\"author\":{\"name\":\"Manege\",\"@id\":\"https:\/\/lemanegedegivet.fr\/#\/schema\/person\/79d89b4a6d10addbc758ee6996a554e1\"},\"headline\":\"Il Maestro\",\"datePublished\":\"2026-04-28T18:52:45+00:00\",\"dateModified\":\"2026-04-28T18:52:47+00:00\",\"mainEntityOfPage\":{\"@id\":\"https:\/\/lemanegedegivet.fr\/?p=3298\"},\"wordCount\":65,\"publisher\":{\"@id\":\"https:\/\/lemanegedegivet.fr\/#organization\"},\"image\":{\"@id\":\"https:\/\/lemanegedegivet.fr\/?p=3298#primaryimage\"},\"thumbnailUrl\":\"https:\/\/lemanegedegivet.fr\/wp-content\/uploads\/IL-MAESTRO.webp\",\"articleSection\":[\"Films\"],\"inLanguage\":\"fr-FR\"},{\"@type\":\"WebPage\",\"@id\":\"https:\/\/lemanegedegivet.fr\/?p=3298\",\"url\":\"https:\/\/lemanegedegivet.fr\/?p=3298\",\"name\":\"Il Maestro - Le Man\u00e8ge\",\"isPartOf\":{\"@id\":\"https:\/\/lemanegedegivet.fr\/#website\"},\"primaryImageOfPage\":{\"@id\":\"https:\/\/lemanegedegivet.fr\/?p=3298#primaryimage\"},\"image\":{\"@id\":\"https:\/\/lemanegedegivet.fr\/?p=3298#primaryimage\"},\"thumbnailUrl\":\"https:\/\/lemanegedegivet.fr\/wp-content\/uploads\/IL-MAESTRO.webp\",\"datePublished\":\"2026-04-28T18:52:45+00:00\",\"dateModified\":\"2026-04-28T18:52:47+00:00\",\"breadcrumb\":{\"@id\":\"https:\/\/lemanegedegivet.fr\/?p=3298#breadcrumb\"},\"inLanguage\":\"fr-FR\",\"potentialAction\":[{\"@type\":\"ReadAction\",\"target\":[\"https:\/\/lemanegedegivet.fr\/?p=3298\"]}]},{\"@type\":\"ImageObject\",\"inLanguage\":\"fr-FR\",\"@id\":\"https:\/\/lemanegedegivet.fr\/?p=3298#primaryimage\",\"url\":\"https:\/\/lemanegedegivet.fr\/wp-content\/uploads\/IL-MAESTRO.webp\",\"contentUrl\":\"https:\/\/lemanegedegivet.fr\/wp-content\/uploads\/IL-MAESTRO.webp\",\"width\":310,\"height\":420},{\"@type\":\"BreadcrumbList\",\"@id\":\"https:\/\/lemanegedegivet.fr\/?p=3298#breadcrumb\",\"itemListElement\":[{\"@type\":\"ListItem\",\"position\":1,\"name\":\"Accueil\",\"item\":\"https:\/\/lemanegedegivet.fr\/\"},{\"@type\":\"ListItem\",\"position\":2,\"name\":\"Il Maestro\"}]},{\"@type\":\"WebSite\",\"@id\":\"https:\/\/lemanegedegivet.fr\/#website\",\"url\":\"https:\/\/lemanegedegivet.fr\/\",\"name\":\"Le Man\u00e8ge de Givet\",\"description\":\"\",\"publisher\":{\"@id\":\"https:\/\/lemanegedegivet.fr\/#organization\"},\"potentialAction\":[{\"@type\":\"SearchAction\",\"target\":{\"@type\":\"EntryPoint\",\"urlTemplate\":\"https:\/\/lemanegedegivet.fr\/?s={search_term_string}\"},\"query-input\":{\"@type\":\"PropertyValueSpecification\",\"valueRequired\":true,\"valueName\":\"search_term_string\"}}],\"inLanguage\":\"fr-FR\"},{\"@type\":\"Organization\",\"@id\":\"https:\/\/lemanegedegivet.fr\/#organization\",\"name\":\"Le Man\u00e8ge de Givet\",\"url\":\"https:\/\/lemanegedegivet.fr\/\",\"logo\":{\"@type\":\"ImageObject\",\"inLanguage\":\"fr-FR\",\"@id\":\"https:\/\/lemanegedegivet.fr\/#\/schema\/logo\/image\/\",\"url\":\"https:\/\/lemanegedegivet.fr\/wp-content\/uploads\/jours_1920.avif\",\"contentUrl\":\"https:\/\/lemanegedegivet.fr\/wp-content\/uploads\/jours_1920.avif\",\"width\":1920,\"height\":1280,\"caption\":\"Le Man\u00e8ge de Givet\"},\"image\":{\"@id\":\"https:\/\/lemanegedegivet.fr\/#\/schema\/logo\/image\/\"},\"sameAs\":[\"https:\/\/www.facebook.com\/people\/Cinma-Spectacles-Le-Mange-GIVET\/61551363475246\/\"]},{\"@type\":\"Person\",\"@id\":\"https:\/\/lemanegedegivet.fr\/#\/schema\/person\/79d89b4a6d10addbc758ee6996a554e1\",\"name\":\"Manege\",\"url\":\"https:\/\/lemanegedegivet.fr\/?author=3\"}]}<\/script>\n<!-- \/ Yoast SEO plugin. -->","yoast_head_json":{"title":"Il Maestro - Le Man\u00e8ge","robots":{"index":"index","follow":"follow","max-snippet":"max-snippet:-1","max-image-preview":"max-image-preview:large","max-video-preview":"max-video-preview:-1"},"canonical":"https:\/\/lemanegedegivet.fr\/?p=3298","og_locale":"fr_FR","og_type":"article","og_title":"Il Maestro - Le Man\u00e8ge","og_description":"2h 05min\u00a0|\u00a0Drame De\u00a0Andrea Di Stefano \u00a0|\u00a0Par\u00a0Andrea Di Stefano,\u00a0Ludovica Rampoldi Avec\u00a0Pierfrancesco Favino,\u00a0Tiziano Menichelli,\u00a0Giovanni Ludeno","og_url":"https:\/\/lemanegedegivet.fr\/?p=3298","og_site_name":"Le Man\u00e8ge","article_publisher":"https:\/\/www.facebook.com\/people\/Cinma-Spectacles-Le-Mange-GIVET\/61551363475246\/","article_published_time":"2026-04-28T18:52:45+00:00","article_modified_time":"2026-04-28T18:52:47+00:00","og_image":[{"width":310,"height":420,"url":"https:\/\/lemanegedegivet.fr\/wp-content\/uploads\/IL-MAESTRO.webp","type":"image\/jpeg"}],"author":"Manege","twitter_card":"summary_large_image","twitter_misc":{"\u00c9crit par":"Manege","Dur\u00e9e de lecture estim\u00e9e":"1 minute"},"schema":{"@context":"https:\/\/schema.org","@graph":[{"@type":"Article","@id":"https:\/\/lemanegedegivet.fr\/?p=3298#article","isPartOf":{"@id":"https:\/\/lemanegedegivet.fr\/?p=3298"},"author":{"name":"Manege","@id":"https:\/\/lemanegedegivet.fr\/#\/schema\/person\/79d89b4a6d10addbc758ee6996a554e1"},"headline":"Il Maestro","datePublished":"2026-04-28T18:52:45+00:00","dateModified":"2026-04-28T18:52:47+00:00","mainEntityOfPage":{"@id":"https:\/\/lemanegedegivet.fr\/?p=3298"},"wordCount":65,"publisher":{"@id":"https:\/\/lemanegedegivet.fr\/#organization"},"image":{"@id":"https:\/\/lemanegedegivet.fr\/?p=3298#primaryimage"},"thumbnailUrl":"https:\/\/lemanegedegivet.fr\/wp-content\/uploads\/IL-MAESTRO.webp","articleSection":["Films"],"inLanguage":"fr-FR"},{"@type":"WebPage","@id":"https:\/\/lemanegedegivet.fr\/?p=3298","url":"https:\/\/lemanegedegivet.fr\/?p=3298","name":"Il Maestro - Le Man\u00e8ge","isPartOf":{"@id":"https:\/\/lemanegedegivet.fr\/#website"},"primaryImageOfPage":{"@id":"https:\/\/lemanegedegivet.fr\/?p=3298#primaryimage"},"image":{"@id":"https:\/\/lemanegedegivet.fr\/?p=3298#primaryimage"},"thumbnailUrl":"https:\/\/lemanegedegivet.fr\/wp-content\/uploads\/IL-MAESTRO.webp","datePublished":"2026-04-28T18:52:45+00:00","dateModified":"2026-04-28T18:52:47+00:00","breadcrumb":{"@id":"https:\/\/lemanegedegivet.fr\/?p=3298#breadcrumb"},"inLanguage":"fr-FR","potentialAction":[{"@type":"ReadAction","target":["https:\/\/lemanegedegivet.fr\/?p=3298"]}]},{"@type":"ImageObject","inLanguage":"fr-FR","@id":"https:\/\/lemanegedegivet.fr\/?p=3298#primaryimage","url":"https:\/\/lemanegedegivet.fr\/wp-content\/uploads\/IL-MAESTRO.webp","contentUrl":"https:\/\/lemanegedegivet.fr\/wp-content\/uploads\/IL-MAESTRO.webp","width":310,"height":420},{"@type":"BreadcrumbList","@id":"https:\/\/lemanegedegivet.fr\/?p=3298#breadcrumb","itemListElement":[{"@type":"ListItem","position":1,"name":"Accueil","item":"https:\/\/lemanegedegivet.fr\/"},{"@type":"ListItem","position":2,"name":"Il Maestro"}]},{"@type":"WebSite","@id":"https:\/\/lemanegedegivet.fr\/#website","url":"https:\/\/lemanegedegivet.fr\/","name":"Le Man\u00e8ge de Givet","description":"","publisher":{"@id":"https:\/\/lemanegedegivet.fr\/#organization"},"potentialAction":[{"@type":"SearchAction","target":{"@type":"EntryPoint","urlTemplate":"https:\/\/lemanegedegivet.fr\/?s={search_term_string}"},"query-input":{"@type":"PropertyValueSpecification","valueRequired":true,"valueName":"search_term_string"}}],"inLanguage":"fr-FR"},{"@type":"Organization","@id":"https:\/\/lemanegedegivet.fr\/#organization","name":"Le Man\u00e8ge de Givet","url":"https:\/\/lemanegedegivet.fr\/","logo":{"@type":"ImageObject","inLanguage":"fr-FR","@id":"https:\/\/lemanegedegivet.fr\/#\/schema\/logo\/image\/","url":"https:\/\/lemanegedegivet.fr\/wp-content\/uploads\/jours_1920.avif","contentUrl":"https:\/\/lemanegedegivet.fr\/wp-content\/uploads\/jours_1920.avif","width":1920,"height":1280,"caption":"Le Man\u00e8ge de Givet"},"image":{"@id":"https:\/\/lemanegedegivet.fr\/#\/schema\/logo\/image\/"},"sameAs":["https:\/\/www.facebook.com\/people\/Cinma-Spectacles-Le-Mange-GIVET\/61551363475246\/"]},{"@type":"Person","@id":"https:\/\/lemanegedegivet.fr\/#\/schema\/person\/79d89b4a6d10addbc758ee6996a554e1","name":"Manege","url":"https:\/\/lemanegedegivet.fr\/?author=3"}]}},"uagb_featured_image_src":{"full":["https:\/\/lemanegedegivet.fr\/wp-content\/uploads\/IL-MAESTRO.webp",310,420,false],"thumbnail":["https:\/\/lemanegedegivet.fr\/wp-content\/uploads\/IL-MAESTRO-150x150.webp",150,150,true],"medium":["https:\/\/lemanegedegivet.fr\/wp-content\/uploads\/IL-MAESTRO-221x300.webp",221,300,true],"medium_large":["https:\/\/lemanegedegivet.fr\/wp-content\/uploads\/IL-MAESTRO.webp",310,420,false],"large":["https:\/\/lemanegedegivet.fr\/wp-content\/uploads\/IL-MAESTRO.webp",310,420,false],"1536x1536":["https:\/\/lemanegedegivet.fr\/wp-content\/uploads\/IL-MAESTRO.webp",310,420,false],"2048x2048":["https:\/\/lemanegedegivet.fr\/wp-content\/uploads\/IL-MAESTRO.webp",310,420,false],"depicter-thumbnail":["https:\/\/lemanegedegivet.fr\/wp-content\/uploads\/IL-MAESTRO-200x271.webp",200,271,true]},"uagb_author_info":{"display_name":"Manege","author_link":"https:\/\/lemanegedegivet.fr\/?author=3"},"uagb_comment_info":0,"uagb_excerpt":"2h 05min\u00a0|\u00a0Drame De\u00a0Andrea Di Stefano \u00a0|\u00a0Par\u00a0Andrea Di Stefano,\u00a0Ludovica Rampoldi Avec\u00a0Pierfrancesco Favino,\u00a0Tiziano Menichelli,\u00a0Giovanni Ludeno","publishpress_future_action":{"enabled":false,"date":"2026-05-06 02:15:02","action":"change-status","newStatus":"draft","terms":[],"taxonomy":"category","extraData":[]},"publishpress_future_workflow_manual_trigger":{"enabledWorkflows":[]},"_links":{"self":[{"href":"https:\/\/lemanegedegivet.fr\/index.php?rest_route=\/wp\/v2\/posts\/3298","targetHints":{"allow":["GET"]}}],"collection":[{"href":"https:\/\/lemanegedegivet.fr\/index.php?rest_route=\/wp\/v2\/posts"}],"about":[{"href":"https:\/\/lemanegedegivet.fr\/index.php?rest_route=\/wp\/v2\/types\/post"}],"author":[{"embeddable":true,"href":"https:\/\/lemanegedegivet.fr\/index.php?rest_route=\/wp\/v2\/users\/3"}],"replies":[{"embeddable":true,"href":"https:\/\/lemanegedegivet.fr\/index.php?rest_route=%2Fwp%2Fv2%2Fcomments&post=3298"}],"version-history":[{"count":1,"href":"https:\/\/lemanegedegivet.fr\/index.php?rest_route=\/wp\/v2\/posts\/3298\/revisions"}],"predecessor-version":[{"id":3300,"href":"https:\/\/lemanegedegivet.fr\/index.php?rest_route=\/wp\/v2\/posts\/3298\/revisions\/3300"}],"wp:featuredmedia":[{"embeddable":true,"href":"https:\/\/lemanegedegivet.fr\/index.php?rest_route=\/wp\/v2\/media\/3299"}],"wp:attachment":[{"href":"https:\/\/lemanegedegivet.fr\/index.php?rest_route=%2Fwp%2Fv2%2Fmedia&parent=3298"}],"wp:term":[{"taxonomy":"category","embeddable":true,"href":"https:\/\/lemanegedegivet.fr\/index.php?rest_route=%2Fwp%2Fv2%2Fcategories&post=3298"},{"taxonomy":"post_tag","embeddable":true,"href":"https:\/\/lemanegedegivet.fr\/index.php?rest_route=%2Fwp%2Fv2%2Ftags&post=3298"}],"curies":[{"name":"wp","href":"https:\/\/api.w.org\/{rel}","templated":true}]}}